{"id":25194,"date":"2022-01-13T14:51:39","date_gmt":"2022-01-13T13:51:39","guid":{"rendered":"https:\/\/agora.xtec.cat\/escolacollserolacerdanyola\/?p=25194"},"modified":"2022-01-13T14:51:54","modified_gmt":"2022-01-13T13:51:54","slug":"bon-viatge-marti","status":"publish","type":"post","link":"https:\/\/agora.xtec.cat\/escolacollserolacerdanyola\/ei3-ei4-ei5\/ei4\/bon-viatge-marti\/","title":{"rendered":"BON VIATGE MART\u00cd!!"},"content":{"rendered":"<p>El dimecres vam fer una festa per acomiadar al Mart\u00ed. Marxa a viure a M\u00e8xic!! QUINA AVENTURA m\u00e9s xula per a un SUPERHEROI com el Mart\u00ed!!<br \/>\nMart\u00ed et trobarem molt a faltar!! SEMPRE SER\u00c0S UN SUPERHEROI PER A NOSALTRES!! Vine a visitar-nos quan volis a Barcelona.<br \/>\nT&#8217;ESTIMEM MOOOOOOOLT!! MOOOOLT\u00cdIISSIMMMMMM!!!<br \/>\nCliqueu a la foto i veure quina S\u00daPER FESTA amb m\u00fasica, s\u00faperabra\u00e7ades, psicomotricitat i fins i tot, un unicorn!!<\/p>\n<p><a href=\"https:\/\/photos.app.goo.gl\/3wt311823bghj5db6\"><img loading=\"lazy\" decoding=\"async\" class=\"size-medium wp-image-25195 aligncenter\" src=\"https:\/\/agora.xtec.cat\/escolacollserolacerdanyola\/wp-content\/uploads\/usu1390\/2022\/01\/marti-249x300.jpg\" alt=\"\" width=\"249\" height=\"300\" srcset=\"https:\/\/agora.xtec.cat\/escolacollserolacerdanyola\/wp-content\/uploads\/usu1390\/2022\/01\/marti-249x300.jpg 249w, https:\/\/agora.xtec.cat\/escolacollserolacerdanyola\/wp-content\/uploads\/usu1390\/2022\/01\/marti-849x1024.jpg 849w, https:\/\/agora.xtec.cat\/escolacollserolacerdanyola\/wp-content\/uploads\/usu1390\/2022\/01\/marti-768x927.jpg 768w, https:\/\/agora.xtec.cat\/escolacollserolacerdanyola\/wp-content\/uploads\/usu1390\/2022\/01\/marti-1273x1536.jpg 1273w, https:\/\/agora.xtec.cat\/escolacollserolacerdanyola\/wp-content\/uploads\/usu1390\/2022\/01\/marti-1697x2048.jpg 1697w\" sizes=\"auto, (max-width: 249px) 100vw, 249px\" \/><\/a><\/p>\n","protected":false},"excerpt":{"rendered":"<p>El dimecres vam fer una festa per acomiadar al Mart\u00ed. Marxa a viure a M\u00e8xic!! QUINA AVENTURA m\u00e9s xula per a un SUPERHEROI com el Mart\u00ed!!<br \/>\nMart\u00ed et trobarem molt a faltar!! SEMPRE SER\u00c0S UN SUPERHEROI PER A NOSALTRES!! Vine a visitar-nos quan volis a Barcelona.<br \/>\nT&#8217;ESTIMEM&hellip;  <a href=\"https:\/\/agora.xtec.cat\/escolacollserolacerdanyola\/ei3-ei4-ei5\/ei4\/bon-viatge-marti\/\" title=\"Read BON VIATGE MART\u00cd!!\">Llegeix m\u00e9s\u00bb<\/a><\/p>\n","protected":false},"author":6,"featured_media":25195,"comment_status":"open","ping_status":"closed","sticky":false,"template":"","format":"standard","meta":{"_bbp_topic_count":0,"_bbp_reply_count":0,"_bbp_total_topic_count":0,"_bbp_total_reply_count":0,"_bbp_voice_count":0,"_bbp_anonymous_reply_count":0,"_bbp_topic_count_hidden":0,"_bbp_reply_count_hidden":0,"_bbp_forum_subforum_count":0,"footnotes":""},"categories":[8],"tags":[],"class_list":["post-25194","post","type-post","status-publish","format-standard","has-post-thumbnail","hentry","category-ei4"],"post_mailing_queue_ids":[],"_links":{"self":[{"href":"https:\/\/agora.xtec.cat\/escolacollserolacerdanyola\/wp-json\/wp\/v2\/posts\/25194","targetHints":{"allow":["GET"]}}],"collection":[{"href":"https:\/\/agora.xtec.cat\/escolacollserolacerdanyola\/wp-json\/wp\/v2\/posts"}],"about":[{"href":"https:\/\/agora.xtec.cat\/escolacollserolacerdanyola\/wp-json\/wp\/v2\/types\/post"}],"author":[{"embeddable":true,"href":"https:\/\/agora.xtec.cat\/escolacollserolacerdanyola\/wp-json\/wp\/v2\/users\/6"}],"replies":[{"embeddable":true,"href":"https:\/\/agora.xtec.cat\/escolacollserolacerdanyola\/wp-json\/wp\/v2\/comments?post=25194"}],"version-history":[{"count":2,"href":"https:\/\/agora.xtec.cat\/escolacollserolacerdanyola\/wp-json\/wp\/v2\/posts\/25194\/revisions"}],"predecessor-version":[{"id":25197,"href":"https:\/\/agora.xtec.cat\/escolacollserolacerdanyola\/wp-json\/wp\/v2\/posts\/25194\/revisions\/25197"}],"wp:featuredmedia":[{"embeddable":true,"href":"https:\/\/agora.xtec.cat\/escolacollserolacerdanyola\/wp-json\/wp\/v2\/media\/25195"}],"wp:attachment":[{"href":"https:\/\/agora.xtec.cat\/escolacollserolacerdanyola\/wp-json\/wp\/v2\/media?parent=25194"}],"wp:term":[{"taxonomy":"category","embeddable":true,"href":"https:\/\/agora.xtec.cat\/escolacollserolacerdanyola\/wp-json\/wp\/v2\/categories?post=25194"},{"taxonomy":"post_tag","embeddable":true,"href":"https:\/\/agora.xtec.cat\/escolacollserolacerdanyola\/wp-json\/wp\/v2\/tags?post=25194"}],"curies":[{"name":"wp","href":"https:\/\/api.w.org\/{rel}","templated":true}]}}