{"id":25137,"date":"2022-01-10T17:00:22","date_gmt":"2022-01-10T16:00:22","guid":{"rendered":"https:\/\/agora.xtec.cat\/escolacollserolacerdanyola\/?p=25137"},"modified":"2022-01-11T14:46:09","modified_gmt":"2022-01-11T13:46:09","slug":"nou-calaix-a-p4","status":"publish","type":"post","link":"https:\/\/agora.xtec.cat\/escolacollserolacerdanyola\/ei3-ei4-ei5\/nou-calaix-a-p4\/","title":{"rendered":"Nou calaix a P4"},"content":{"rendered":"<p><a href=\"https:\/\/agora.xtec.cat\/escolacollserolacerdanyola\/wp-content\/uploads\/usu1390\/2022\/01\/20211215_151554-scaled.jpg\"><img loading=\"lazy\" decoding=\"async\" class=\"alignnone size-medium wp-image-25157\" src=\"https:\/\/agora.xtec.cat\/escolacollserolacerdanyola\/wp-content\/uploads\/usu1390\/2022\/01\/20211215_151554-225x300.jpg\" alt=\"\" width=\"225\" height=\"300\" srcset=\"https:\/\/agora.xtec.cat\/escolacollserolacerdanyola\/wp-content\/uploads\/usu1390\/2022\/01\/20211215_151554-225x300.jpg 225w, https:\/\/agora.xtec.cat\/escolacollserolacerdanyola\/wp-content\/uploads\/usu1390\/2022\/01\/20211215_151554-768x1024.jpg 768w, https:\/\/agora.xtec.cat\/escolacollserolacerdanyola\/wp-content\/uploads\/usu1390\/2022\/01\/20211215_151554-1152x1536.jpg 1152w, https:\/\/agora.xtec.cat\/escolacollserolacerdanyola\/wp-content\/uploads\/usu1390\/2022\/01\/20211215_151554-1536x2048.jpg 1536w, https:\/\/agora.xtec.cat\/escolacollserolacerdanyola\/wp-content\/uploads\/usu1390\/2022\/01\/20211215_151554-scaled.jpg 1920w\" sizes=\"auto, (max-width: 225px) 100vw, 225px\" \/><\/a><\/p>\n<p><a href=\"https:\/\/photos.app.goo.gl\/v35GTS3MbxZ4qqX8A\">CALAIX NOU A P4<\/a><\/p>\n<p>El mes de desembre vam rebre un regal molt especial i que ens est\u00e0 oferint oportunitats d&#8217;experimentaci\u00f3 i joc molt interessants. Es tracta d&#8217;un calaix d&#8217;experimentaci\u00f3 on, de moment, hi hem posat sorra amb alguns estris fer fer transvassaments, omplir i buidar, deixar caure&#8230;la sorra t\u00e9 uns efectes molt beneficiosos en el pla sensorial i en el pla de la concnetraci\u00f3 i l&#8217;atenci\u00f3.<\/p>\n<p>Moltes gr\u00e0cies al Vidal- pare de la Irene- que ha construit aquest calaix de forma artesanal.<\/p>\n<p>Us deixem algunes fotografies amb les primeres estones de joc. Que les gaudiu!<\/p>\n<p>&nbsp;<\/p>\n","protected":false},"excerpt":{"rendered":"<p><a href=\"https:\/\/agora.xtec.cat\/escolacollserolacerdanyola\/wp-content\/uploads\/usu1390\/2022\/01\/20211215_151554-scaled.jpg\"><\/a><br \/>\n<a href=\"https:\/\/photos.app.goo.gl\/v35GTS3MbxZ4qqX8A\">CALAIX NOU A P4<\/a><br \/>\nEl mes de desembre vam rebre un regal molt especial i que ens est\u00e0 oferint oportunitats d&#8217;experimentaci\u00f3 i joc molt interessants. Es tracta d&#8217;un calaix d&#8217;experimentaci\u00f3 on, de moment, hi hem posat sorra amb alguns estris fer fer transvassaments, omplir&hellip;  <a href=\"https:\/\/agora.xtec.cat\/escolacollserolacerdanyola\/ei3-ei4-ei5\/nou-calaix-a-p4\/\" title=\"Read Nou calaix a P4\">Llegeix m\u00e9s\u00bb<\/a><\/p>\n","protected":false},"author":6,"featured_media":25157,"comment_status":"open","ping_status":"closed","sticky":false,"template":"","format":"standard","meta":{"_bbp_topic_count":0,"_bbp_reply_count":0,"_bbp_total_topic_count":0,"_bbp_total_reply_count":0,"_bbp_voice_count":0,"_bbp_anonymous_reply_count":0,"_bbp_topic_count_hidden":0,"_bbp_reply_count_hidden":0,"_bbp_forum_subforum_count":0,"footnotes":""},"categories":[2,8,318,413],"tags":[],"class_list":["post-25137","post","type-post","status-publish","format-standard","has-post-thumbnail","hentry","category-ei3-ei4-ei5","category-ei4","category-escola","category-families"],"post_mailing_queue_ids":[],"_links":{"self":[{"href":"https:\/\/agora.xtec.cat\/escolacollserolacerdanyola\/wp-json\/wp\/v2\/posts\/25137","targetHints":{"allow":["GET"]}}],"collection":[{"href":"https:\/\/agora.xtec.cat\/escolacollserolacerdanyola\/wp-json\/wp\/v2\/posts"}],"about":[{"href":"https:\/\/agora.xtec.cat\/escolacollserolacerdanyola\/wp-json\/wp\/v2\/types\/post"}],"author":[{"embeddable":true,"href":"https:\/\/agora.xtec.cat\/escolacollserolacerdanyola\/wp-json\/wp\/v2\/users\/6"}],"replies":[{"embeddable":true,"href":"https:\/\/agora.xtec.cat\/escolacollserolacerdanyola\/wp-json\/wp\/v2\/comments?post=25137"}],"version-history":[{"count":3,"href":"https:\/\/agora.xtec.cat\/escolacollserolacerdanyola\/wp-json\/wp\/v2\/posts\/25137\/revisions"}],"predecessor-version":[{"id":25160,"href":"https:\/\/agora.xtec.cat\/escolacollserolacerdanyola\/wp-json\/wp\/v2\/posts\/25137\/revisions\/25160"}],"wp:featuredmedia":[{"embeddable":true,"href":"https:\/\/agora.xtec.cat\/escolacollserolacerdanyola\/wp-json\/wp\/v2\/media\/25157"}],"wp:attachment":[{"href":"https:\/\/agora.xtec.cat\/escolacollserolacerdanyola\/wp-json\/wp\/v2\/media?parent=25137"}],"wp:term":[{"taxonomy":"category","embeddable":true,"href":"https:\/\/agora.xtec.cat\/escolacollserolacerdanyola\/wp-json\/wp\/v2\/categories?post=25137"},{"taxonomy":"post_tag","embeddable":true,"href":"https:\/\/agora.xtec.cat\/escolacollserolacerdanyola\/wp-json\/wp\/v2\/tags?post=25137"}],"curies":[{"name":"wp","href":"https:\/\/api.w.org\/{rel}","templated":true}]}}