{"id":25132,"date":"2021-12-27T10:13:08","date_gmt":"2021-12-27T09:13:08","guid":{"rendered":"https:\/\/agora.xtec.cat\/escolacollserolacerdanyola\/?p=25132"},"modified":"2022-01-03T10:20:59","modified_gmt":"2022-01-03T09:20:59","slug":"6e-les-cellules","status":"publish","type":"post","link":"https:\/\/agora.xtec.cat\/escolacollserolacerdanyola\/de-1r-a-6e\/6e\/6e-les-cellules\/","title":{"rendered":"6\u00e8 Les C\u00e8l\u00b7lules"},"content":{"rendered":"<p><a href=\"https:\/\/photos.app.goo.gl\/q8UwcKcADy29GzmK7\">6\u00e8 Les c\u00e8l\u00b7lules<\/a><\/p>\n<p>Aquest trimestre hem parlat i investigat sobre qu\u00e8 s\u00f3n les c\u00e8l\u00b7lules, quins tipus n&#8217;hi ha, quines s\u00f3n les seves parts i quines funcions tenen.<\/p>\n<p>Una de les activitats que hem dut a terme ha sigut observar c\u00e8l\u00b7lules de diferents teixits pel microscopi.<\/p>\n","protected":false},"excerpt":{"rendered":"<p><a href=\"https:\/\/photos.app.goo.gl\/q8UwcKcADy29GzmK7\">6\u00e8 Les c\u00e8l\u00b7lules<\/a><br \/>\nAquest trimestre hem parlat i investigat sobre qu\u00e8 s\u00f3n les c\u00e8l\u00b7lules, quins tipus n&#8217;hi ha, quines s\u00f3n les seves parts i quines funcions tenen.<br \/>\nUna de les activitats que hem dut a terme ha sigut observar c\u00e8l\u00b7lules de diferents teixits pel microscopi.<\/p>\n","protected":false},"author":9,"featured_media":25133,"comment_status":"open","ping_status":"closed","sticky":false,"template":"","format":"standard","meta":{"_bbp_topic_count":0,"_bbp_reply_count":0,"_bbp_total_topic_count":0,"_bbp_total_reply_count":0,"_bbp_voice_count":0,"_bbp_anonymous_reply_count":0,"_bbp_topic_count_hidden":0,"_bbp_reply_count_hidden":0,"_bbp_forum_subforum_count":0,"footnotes":""},"categories":[15,86],"tags":[],"class_list":["post-25132","post","type-post","status-publish","format-standard","has-post-thumbnail","hentry","category-6e","category-grans"],"post_mailing_queue_ids":[],"_links":{"self":[{"href":"https:\/\/agora.xtec.cat\/escolacollserolacerdanyola\/wp-json\/wp\/v2\/posts\/25132","targetHints":{"allow":["GET"]}}],"collection":[{"href":"https:\/\/agora.xtec.cat\/escolacollserolacerdanyola\/wp-json\/wp\/v2\/posts"}],"about":[{"href":"https:\/\/agora.xtec.cat\/escolacollserolacerdanyola\/wp-json\/wp\/v2\/types\/post"}],"author":[{"embeddable":true,"href":"https:\/\/agora.xtec.cat\/escolacollserolacerdanyola\/wp-json\/wp\/v2\/users\/9"}],"replies":[{"embeddable":true,"href":"https:\/\/agora.xtec.cat\/escolacollserolacerdanyola\/wp-json\/wp\/v2\/comments?post=25132"}],"version-history":[{"count":1,"href":"https:\/\/agora.xtec.cat\/escolacollserolacerdanyola\/wp-json\/wp\/v2\/posts\/25132\/revisions"}],"predecessor-version":[{"id":25134,"href":"https:\/\/agora.xtec.cat\/escolacollserolacerdanyola\/wp-json\/wp\/v2\/posts\/25132\/revisions\/25134"}],"wp:featuredmedia":[{"embeddable":true,"href":"https:\/\/agora.xtec.cat\/escolacollserolacerdanyola\/wp-json\/wp\/v2\/media\/25133"}],"wp:attachment":[{"href":"https:\/\/agora.xtec.cat\/escolacollserolacerdanyola\/wp-json\/wp\/v2\/media?parent=25132"}],"wp:term":[{"taxonomy":"category","embeddable":true,"href":"https:\/\/agora.xtec.cat\/escolacollserolacerdanyola\/wp-json\/wp\/v2\/categories?post=25132"},{"taxonomy":"post_tag","embeddable":true,"href":"https:\/\/agora.xtec.cat\/escolacollserolacerdanyola\/wp-json\/wp\/v2\/tags?post=25132"}],"curies":[{"name":"wp","href":"https:\/\/api.w.org\/{rel}","templated":true}]}}