{"id":25115,"date":"2021-12-03T09:09:59","date_gmt":"2021-12-03T08:09:59","guid":{"rendered":"https:\/\/agora.xtec.cat\/escolacollserolacerdanyola\/?p=25115"},"modified":"2022-01-03T09:37:18","modified_gmt":"2022-01-03T08:37:18","slug":"6e-25-n","status":"publish","type":"post","link":"https:\/\/agora.xtec.cat\/escolacollserolacerdanyola\/de-1r-a-6e\/6e\/6e-25-n\/","title":{"rendered":"6\u00e8 25-N"},"content":{"rendered":"<p><a href=\"https:\/\/photos.app.goo.gl\/PNFSwaw3au6JRSjm6\">6\u00e8 25-N<\/a><\/p>\n<p><span style=\"font-family: Arial, sans-serif\"><span style=\"font-size: medium\">REFLEXIONEM PER A MILLORAR I CANVIAR<\/span><\/span><\/p>\n<p><span style=\"font-family: Arial, sans-serif\"><span style=\"font-size: medium\"><b>Dia Internacional per a l\u2019 Eliminaci\u00f3 de la viol\u00e8ncia contra les dones<\/b><\/span><\/span><\/p>\n<p align=\"justify\"><span style=\"font-family: Arial, sans-serif\"><span style=\"font-size: medium\">El passat 25 de Novembre vam reflexionar a l \u2018 Escola sobre com pensen els nens i les nenes, a qu\u00e8 juguen com es senten quan el seu cos va creixent, quins tipus de viol\u00e8ncia veiem a la societat i a l\u2019 escola , com es respecten els uns als altres. I sobretot com podem millorar i canviar les coses a l\u2019 escola per a contribuir a canviar-les en un futur m\u00e9s igualitari entre homes i dones.<\/span><\/span><\/p>\n<p align=\"justify\"><span style=\"font-family: Arial, sans-serif\"><span style=\"font-size: medium\">El grup de les nenes van expressar els seus sentiments , les seves emocions i les seves il\u00b7lusions per a un m\u00f3n millor i despr\u00e9s van dibuixar les siluetes dels seus cossos amb les expressions m\u00e9s significatives per a la eliminaci\u00f3 de la viol\u00e8ncia contra les dones. <\/span><\/span><\/p>\n<p align=\"justify\"><span style=\"font-family: Arial, sans-serif\"><span style=\"font-size: medium\">Els nens van plasmar les seves mans en un mural gran i van posar paraules expressant els seus desitjos de canviar les coses.<\/span><\/span><\/p>\n<p align=\"justify\"><span style=\"font-family: Arial, sans-serif\"><span style=\"font-size: medium\">I tots junts vam fer un Manifest per deixar const\u00e0ncia de les coses que podem millorar en el dia a dia a l\u2019 escola.<\/span><\/span><\/p>\n<p align=\"justify\"><span style=\"font-family: Arial, sans-serif\"><span style=\"font-size: medium\">Us deixem la mostra del treball que vam fer i que vam penjar a les parets del nostre passad\u00eds. <\/span><\/span><\/p>\n","protected":false},"excerpt":{"rendered":"<p><a href=\"https:\/\/photos.app.goo.gl\/PNFSwaw3au6JRSjm6\">6\u00e8 25-N<\/a><br \/>\nREFLEXIONEM PER A MILLORAR I CANVIAR<br \/>\nDia Internacional per a l\u2019 Eliminaci\u00f3 de la viol\u00e8ncia contra les dones<br \/>\nEl passat 25 de Novembre vam reflexionar a l \u2018 Escola sobre com pensen els nens i les nenes, a qu\u00e8 juguen com es senten quan el&hellip;  <a href=\"https:\/\/agora.xtec.cat\/escolacollserolacerdanyola\/de-1r-a-6e\/6e\/6e-25-n\/\" title=\"Read 6\u00e8 25-N\">Llegeix m\u00e9s\u00bb<\/a><\/p>\n","protected":false},"author":9,"featured_media":25116,"comment_status":"open","ping_status":"closed","sticky":false,"template":"","format":"standard","meta":{"_bbp_topic_count":0,"_bbp_reply_count":0,"_bbp_total_topic_count":0,"_bbp_total_reply_count":0,"_bbp_voice_count":0,"_bbp_anonymous_reply_count":0,"_bbp_topic_count_hidden":0,"_bbp_reply_count_hidden":0,"_bbp_forum_subforum_count":0,"footnotes":""},"categories":[15,86],"tags":[],"class_list":["post-25115","post","type-post","status-publish","format-standard","has-post-thumbnail","hentry","category-6e","category-grans"],"post_mailing_queue_ids":[],"_links":{"self":[{"href":"https:\/\/agora.xtec.cat\/escolacollserolacerdanyola\/wp-json\/wp\/v2\/posts\/25115","targetHints":{"allow":["GET"]}}],"collection":[{"href":"https:\/\/agora.xtec.cat\/escolacollserolacerdanyola\/wp-json\/wp\/v2\/posts"}],"about":[{"href":"https:\/\/agora.xtec.cat\/escolacollserolacerdanyola\/wp-json\/wp\/v2\/types\/post"}],"author":[{"embeddable":true,"href":"https:\/\/agora.xtec.cat\/escolacollserolacerdanyola\/wp-json\/wp\/v2\/users\/9"}],"replies":[{"embeddable":true,"href":"https:\/\/agora.xtec.cat\/escolacollserolacerdanyola\/wp-json\/wp\/v2\/comments?post=25115"}],"version-history":[{"count":1,"href":"https:\/\/agora.xtec.cat\/escolacollserolacerdanyola\/wp-json\/wp\/v2\/posts\/25115\/revisions"}],"predecessor-version":[{"id":25117,"href":"https:\/\/agora.xtec.cat\/escolacollserolacerdanyola\/wp-json\/wp\/v2\/posts\/25115\/revisions\/25117"}],"wp:featuredmedia":[{"embeddable":true,"href":"https:\/\/agora.xtec.cat\/escolacollserolacerdanyola\/wp-json\/wp\/v2\/media\/25116"}],"wp:attachment":[{"href":"https:\/\/agora.xtec.cat\/escolacollserolacerdanyola\/wp-json\/wp\/v2\/media?parent=25115"}],"wp:term":[{"taxonomy":"category","embeddable":true,"href":"https:\/\/agora.xtec.cat\/escolacollserolacerdanyola\/wp-json\/wp\/v2\/categories?post=25115"},{"taxonomy":"post_tag","embeddable":true,"href":"https:\/\/agora.xtec.cat\/escolacollserolacerdanyola\/wp-json\/wp\/v2\/tags?post=25115"}],"curies":[{"name":"wp","href":"https:\/\/api.w.org\/{rel}","templated":true}]}}