{"id":25095,"date":"2021-12-22T20:15:02","date_gmt":"2021-12-22T19:15:02","guid":{"rendered":"https:\/\/agora.xtec.cat\/escolacollserolacerdanyola\/?p=25095"},"modified":"2022-06-30T21:14:08","modified_gmt":"2022-06-30T19:14:08","slug":"p5-la-festa-nadalenca","status":"publish","type":"post","link":"https:\/\/agora.xtec.cat\/escolacollserolacerdanyola\/ei3-ei4-ei5\/ei5\/p5-la-festa-nadalenca\/","title":{"rendered":"P5 LA FESTA NADALENCA"},"content":{"rendered":"<p>ESTIMADES FAM\u00cdLIES!<\/p>\n<p style=\"text-align: center\">El dimarts va arribar el dia tan esperat: El TI\u00d3 ENS VA CAGAR!\u00a0 despr\u00e9s de dels de donar-li menjar i fer-se m\u00e9s gran el Ti\u00f3.Ens va cagar un conte i un esmorzar nadalenc pel dimecres (neules, torrons, galetes de xocolata\u2026).Tamb\u00e9,\u00a0 vam tirar\u00a0 a la b\u00fastia la carta que els hi hem escrit als Reis de L&#8217;Orient. Li hem demanat algunes coses per la classe, per\u00f2 tamb\u00e9 moltes rialles i petons.\u00a0 Us desitgem fam\u00edlies MOLT BONES FESTES i un FELI\u00c7 2022!! Ens veiem despr\u00e9s de REIS! A portar-se b\u00e9 i que us portin moltes coses.<\/p>\n<p>\u00a0 \u00a0 \u00a0 \u00a0 \u00a0 \u00a0 \u00a0 \u00a0 \u00a0 \u00a0 \u00a0 \u00a0 \u00a0 \u00a0 \u00a0 \u00a0 \u00a0 \u00a0 \u00a0 \u00a0 \u00a0 \u00a0 \u00a0 \u00a0 \u00a0 \u00a0 \u00a0 \u00a0 \u00a0 \u00a0 \u00a0 \u00a0 \u00a0 \u00a0 \u00a0 \u00a0 \u00a0 \u00a0 \u00a0 \u00a0 \u00a0 \u00a0 \u00a0 \u00a0 \u00a0 \u00a0 \u00a0 \u00a0 \u00a0 \u00a0 \u00a0 \u00a0 \u00a0 \u00a0 \u00a0 \u00a0 \u00a0 \u00a0 \u00a0 \u00a0 \u00a0 \u00a0 \u00a0 \u00a0 \u00a0 \u00a0 \u00a0 Cliqueu a sobre de la imatge<\/p>\n<p style=\"text-align: center\">.<a href=\"https:\/\/photos.app.goo.gl\/6KjSsUmU1aQChCcq6\"><img loading=\"lazy\" decoding=\"async\" class=\"alignnone size-full wp-image-25923\" src=\"https:\/\/agora.xtec.cat\/escolacollserolacerdanyola\/wp-content\/uploads\/usu1390\/2021\/12\/portada-2-300x169-1.jpg\" alt=\"\" width=\"300\" height=\"169\" \/><\/a><\/p>\n<p style=\"text-align: center\">Mestres de P5<\/p>\n","protected":false},"excerpt":{"rendered":"<p>ESTIMADES FAM\u00cdLIES!<br \/>\nEl dimarts va arribar el dia tan esperat: El TI\u00d3 ENS VA CAGAR!\u00a0 despr\u00e9s de dels de donar-li menjar i fer-se m\u00e9s gran el Ti\u00f3.Ens va cagar un conte i un esmorzar nadalenc pel dimecres (neules, torrons, galetes de xocolata\u2026).Tamb\u00e9,\u00a0 vam tirar\u00a0 a la&hellip;  <a href=\"https:\/\/agora.xtec.cat\/escolacollserolacerdanyola\/ei3-ei4-ei5\/ei5\/p5-la-festa-nadalenca\/\" title=\"Read P5 LA FESTA NADALENCA\">Llegeix m\u00e9s\u00bb<\/a><\/p>\n","protected":false},"author":6,"featured_media":25923,"comment_status":"open","ping_status":"closed","sticky":false,"template":"","format":"standard","meta":{"_bbp_topic_count":0,"_bbp_reply_count":0,"_bbp_total_topic_count":0,"_bbp_total_reply_count":0,"_bbp_voice_count":0,"_bbp_anonymous_reply_count":0,"_bbp_topic_count_hidden":0,"_bbp_reply_count_hidden":0,"_bbp_forum_subforum_count":0,"footnotes":""},"categories":[9],"tags":[],"class_list":["post-25095","post","type-post","status-publish","format-standard","has-post-thumbnail","hentry","category-ei5"],"post_mailing_queue_ids":[],"_links":{"self":[{"href":"https:\/\/agora.xtec.cat\/escolacollserolacerdanyola\/wp-json\/wp\/v2\/posts\/25095","targetHints":{"allow":["GET"]}}],"collection":[{"href":"https:\/\/agora.xtec.cat\/escolacollserolacerdanyola\/wp-json\/wp\/v2\/posts"}],"about":[{"href":"https:\/\/agora.xtec.cat\/escolacollserolacerdanyola\/wp-json\/wp\/v2\/types\/post"}],"author":[{"embeddable":true,"href":"https:\/\/agora.xtec.cat\/escolacollserolacerdanyola\/wp-json\/wp\/v2\/users\/6"}],"replies":[{"embeddable":true,"href":"https:\/\/agora.xtec.cat\/escolacollserolacerdanyola\/wp-json\/wp\/v2\/comments?post=25095"}],"version-history":[{"count":4,"href":"https:\/\/agora.xtec.cat\/escolacollserolacerdanyola\/wp-json\/wp\/v2\/posts\/25095\/revisions"}],"predecessor-version":[{"id":25925,"href":"https:\/\/agora.xtec.cat\/escolacollserolacerdanyola\/wp-json\/wp\/v2\/posts\/25095\/revisions\/25925"}],"wp:featuredmedia":[{"embeddable":true,"href":"https:\/\/agora.xtec.cat\/escolacollserolacerdanyola\/wp-json\/wp\/v2\/media\/25923"}],"wp:attachment":[{"href":"https:\/\/agora.xtec.cat\/escolacollserolacerdanyola\/wp-json\/wp\/v2\/media?parent=25095"}],"wp:term":[{"taxonomy":"category","embeddable":true,"href":"https:\/\/agora.xtec.cat\/escolacollserolacerdanyola\/wp-json\/wp\/v2\/categories?post=25095"},{"taxonomy":"post_tag","embeddable":true,"href":"https:\/\/agora.xtec.cat\/escolacollserolacerdanyola\/wp-json\/wp\/v2\/tags?post=25095"}],"curies":[{"name":"wp","href":"https:\/\/api.w.org\/{rel}","templated":true}]}}