{"id":25088,"date":"2021-12-22T11:28:29","date_gmt":"2021-12-22T10:28:29","guid":{"rendered":"https:\/\/agora.xtec.cat\/escolacollserolacerdanyola\/?p=25088"},"modified":"2021-12-22T11:28:41","modified_gmt":"2021-12-22T10:28:41","slug":"felic-2022","status":"publish","type":"post","link":"https:\/\/agora.xtec.cat\/escolacollserolacerdanyola\/ei3-ei4-ei5\/ei4\/felic-2022\/","title":{"rendered":"FELI\u00c7 2022!!"},"content":{"rendered":"<p>BENVINGUDES FAM\u00cdLIES! Ahir va ser un dia molt esperat pels infants: EL TI\u00d3 ENS VA CAGAR!\u00a0 Ens va cagar un conte i cosetes molt dolces (neules, torrons, galetes de xocolata\u2026). Amb el qu\u00e8 ens va cagar hem fet avui un comiat molt nadalenc i dol\u00e7. Ha estat un comiat molt dol\u00e7 i esperem que la tornada tamb\u00e9 ho sigui. Us desitgem fam\u00edlies MOLT BONES FESTES i un FELI\u00c7 2022!! Ens veiem despr\u00e9s de REIS! A portar-se b\u00e9 i que us portin moltes coses, jeje. Clique a la imatge.<\/p>\n<p>Una abra\u00e7ada ben forta!<\/p>\n<p>Mestres de P4<a href=\"https:\/\/photos.app.goo.gl\/FvXeEJCL2h8vKwZC6\"><img loading=\"lazy\" decoding=\"async\" class=\"size-medium wp-image-25089 aligncenter\" src=\"https:\/\/agora.xtec.cat\/escolacollserolacerdanyola\/wp-content\/uploads\/usu1390\/2021\/12\/portadeta-1-300x243.jpg\" alt=\"\" width=\"300\" height=\"243\" srcset=\"https:\/\/agora.xtec.cat\/escolacollserolacerdanyola\/wp-content\/uploads\/usu1390\/2021\/12\/portadeta-1-300x243.jpg 300w, https:\/\/agora.xtec.cat\/escolacollserolacerdanyola\/wp-content\/uploads\/usu1390\/2021\/12\/portadeta-1.jpg 682w\" sizes=\"auto, (max-width: 300px) 100vw, 300px\" \/><\/a><\/p>\n","protected":false},"excerpt":{"rendered":"<p>BENVINGUDES FAM\u00cdLIES! Ahir va ser un dia molt esperat pels infants: EL TI\u00d3 ENS VA CAGAR!\u00a0 Ens va cagar un conte i cosetes molt dolces (neules, torrons, galetes de xocolata\u2026). Amb el qu\u00e8 ens va cagar hem fet avui un comiat molt nadalenc i dol\u00e7.&hellip;  <a href=\"https:\/\/agora.xtec.cat\/escolacollserolacerdanyola\/ei3-ei4-ei5\/ei4\/felic-2022\/\" title=\"Read FELI\u00c7 2022!!\">Llegeix m\u00e9s\u00bb<\/a><\/p>\n","protected":false},"author":6,"featured_media":25089,"comment_status":"open","ping_status":"closed","sticky":false,"template":"","format":"standard","meta":{"_bbp_topic_count":0,"_bbp_reply_count":0,"_bbp_total_topic_count":0,"_bbp_total_reply_count":0,"_bbp_voice_count":0,"_bbp_anonymous_reply_count":0,"_bbp_topic_count_hidden":0,"_bbp_reply_count_hidden":0,"_bbp_forum_subforum_count":0,"footnotes":""},"categories":[8],"tags":[],"class_list":["post-25088","post","type-post","status-publish","format-standard","has-post-thumbnail","hentry","category-ei4"],"post_mailing_queue_ids":[],"_links":{"self":[{"href":"https:\/\/agora.xtec.cat\/escolacollserolacerdanyola\/wp-json\/wp\/v2\/posts\/25088","targetHints":{"allow":["GET"]}}],"collection":[{"href":"https:\/\/agora.xtec.cat\/escolacollserolacerdanyola\/wp-json\/wp\/v2\/posts"}],"about":[{"href":"https:\/\/agora.xtec.cat\/escolacollserolacerdanyola\/wp-json\/wp\/v2\/types\/post"}],"author":[{"embeddable":true,"href":"https:\/\/agora.xtec.cat\/escolacollserolacerdanyola\/wp-json\/wp\/v2\/users\/6"}],"replies":[{"embeddable":true,"href":"https:\/\/agora.xtec.cat\/escolacollserolacerdanyola\/wp-json\/wp\/v2\/comments?post=25088"}],"version-history":[{"count":1,"href":"https:\/\/agora.xtec.cat\/escolacollserolacerdanyola\/wp-json\/wp\/v2\/posts\/25088\/revisions"}],"predecessor-version":[{"id":25090,"href":"https:\/\/agora.xtec.cat\/escolacollserolacerdanyola\/wp-json\/wp\/v2\/posts\/25088\/revisions\/25090"}],"wp:featuredmedia":[{"embeddable":true,"href":"https:\/\/agora.xtec.cat\/escolacollserolacerdanyola\/wp-json\/wp\/v2\/media\/25089"}],"wp:attachment":[{"href":"https:\/\/agora.xtec.cat\/escolacollserolacerdanyola\/wp-json\/wp\/v2\/media?parent=25088"}],"wp:term":[{"taxonomy":"category","embeddable":true,"href":"https:\/\/agora.xtec.cat\/escolacollserolacerdanyola\/wp-json\/wp\/v2\/categories?post=25088"},{"taxonomy":"post_tag","embeddable":true,"href":"https:\/\/agora.xtec.cat\/escolacollserolacerdanyola\/wp-json\/wp\/v2\/tags?post=25088"}],"curies":[{"name":"wp","href":"https:\/\/api.w.org\/{rel}","templated":true}]}}