{"id":25083,"date":"2021-12-22T10:14:53","date_gmt":"2021-12-22T09:14:53","guid":{"rendered":"https:\/\/agora.xtec.cat\/escolacollserolacerdanyola\/?p=25083"},"modified":"2021-12-22T10:14:53","modified_gmt":"2021-12-22T09:14:53","slug":"concert-dhivern-3","status":"publish","type":"post","link":"https:\/\/agora.xtec.cat\/escolacollserolacerdanyola\/ei3-ei4-ei5\/ei3\/concert-dhivern-3\/","title":{"rendered":"Concert d&#8217;hivern"},"content":{"rendered":"<p>Aquest passat dilluns 20 de desembre, hem celebrat el tradicional concert de Nadal al pati de la nostra escola. Aquest any hem pogut gaudir de totes les actuacions, des dels m\u00e9s petits fins als m\u00e9s grans. Ha estat un acte molt especial, amb una sorpresa final: l\u2019actuaci\u00f3 de les mestres.<\/p>\n<p>Van iniciar l&#8217;espectacle les balenes de p5 amb la can\u00e7\u00f3 <em>El Nadal ja \u00e9s aqu\u00ed<\/em> (Pot petit). A continuaci\u00f3, van sortir a l&#8217;escenari les superhero\u00efnes i superherois de p4 amb el seu tema titulat <em>L&#8217;hivern<\/em> (En Jep i la Rita). I per \u00faltim, els colors de p3 ens van sorprendre amb la seva actuaci\u00f3 de <em>La llum del fanalet<\/em>.<\/p>\n<p>Felicitem a tots els nens i nenes per les seves actuacions i per tot l\u2019esfor\u00e7 i ganes que hi han posat. Ha estat tot un \u00e8xit!<\/p>\n<p>Esperem que us agradi.<\/p>\n<p><a href=\"https:\/\/photos.app.goo.gl\/2apq8Krj4mLbxPgbA\">Actuacions concert petits<\/a><\/p>\n","protected":false},"excerpt":{"rendered":"<p>Aquest passat dilluns 20 de desembre, hem celebrat el tradicional concert de Nadal al pati de la nostra escola. Aquest any hem pogut gaudir de totes les actuacions, des dels m\u00e9s petits fins als m\u00e9s grans. Ha estat un acte molt especial, amb una sorpresa&hellip;  <a href=\"https:\/\/agora.xtec.cat\/escolacollserolacerdanyola\/ei3-ei4-ei5\/ei3\/concert-dhivern-3\/\" title=\"Read Concert d&#8217;hivern\">Llegeix m\u00e9s\u00bb<\/a><\/p>\n","protected":false},"author":6,"featured_media":0,"comment_status":"open","ping_status":"closed","sticky":false,"template":"","format":"standard","meta":{"_bbp_topic_count":0,"_bbp_reply_count":0,"_bbp_total_topic_count":0,"_bbp_total_reply_count":0,"_bbp_voice_count":0,"_bbp_anonymous_reply_count":0,"_bbp_topic_count_hidden":0,"_bbp_reply_count_hidden":0,"_bbp_forum_subforum_count":0,"footnotes":""},"categories":[3,8,9],"tags":[],"class_list":["post-25083","post","type-post","status-publish","format-standard","hentry","category-ei3","category-ei4","category-ei5"],"post_mailing_queue_ids":[],"_links":{"self":[{"href":"https:\/\/agora.xtec.cat\/escolacollserolacerdanyola\/wp-json\/wp\/v2\/posts\/25083","targetHints":{"allow":["GET"]}}],"collection":[{"href":"https:\/\/agora.xtec.cat\/escolacollserolacerdanyola\/wp-json\/wp\/v2\/posts"}],"about":[{"href":"https:\/\/agora.xtec.cat\/escolacollserolacerdanyola\/wp-json\/wp\/v2\/types\/post"}],"author":[{"embeddable":true,"href":"https:\/\/agora.xtec.cat\/escolacollserolacerdanyola\/wp-json\/wp\/v2\/users\/6"}],"replies":[{"embeddable":true,"href":"https:\/\/agora.xtec.cat\/escolacollserolacerdanyola\/wp-json\/wp\/v2\/comments?post=25083"}],"version-history":[{"count":1,"href":"https:\/\/agora.xtec.cat\/escolacollserolacerdanyola\/wp-json\/wp\/v2\/posts\/25083\/revisions"}],"predecessor-version":[{"id":25084,"href":"https:\/\/agora.xtec.cat\/escolacollserolacerdanyola\/wp-json\/wp\/v2\/posts\/25083\/revisions\/25084"}],"wp:attachment":[{"href":"https:\/\/agora.xtec.cat\/escolacollserolacerdanyola\/wp-json\/wp\/v2\/media?parent=25083"}],"wp:term":[{"taxonomy":"category","embeddable":true,"href":"https:\/\/agora.xtec.cat\/escolacollserolacerdanyola\/wp-json\/wp\/v2\/categories?post=25083"},{"taxonomy":"post_tag","embeddable":true,"href":"https:\/\/agora.xtec.cat\/escolacollserolacerdanyola\/wp-json\/wp\/v2\/tags?post=25083"}],"curies":[{"name":"wp","href":"https:\/\/api.w.org\/{rel}","templated":true}]}}