{"id":25079,"date":"2021-12-22T20:13:06","date_gmt":"2021-12-22T19:13:06","guid":{"rendered":"https:\/\/agora.xtec.cat\/escolacollserolacerdanyola\/?p=25079"},"modified":"2021-12-22T20:13:06","modified_gmt":"2021-12-22T19:13:06","slug":"p5-aniversaris","status":"publish","type":"post","link":"https:\/\/agora.xtec.cat\/escolacollserolacerdanyola\/ei3-ei4-ei5\/ei5\/p5-aniversaris\/","title":{"rendered":"P5-ANIVERSARIS"},"content":{"rendered":"<p style=\"text-align: center\">Al llarg del trimestre a la classe de les Balenes hem celebrat els aniversaris cantant i\u00a0 felicitant, a l&#8217;AIMAN, L&#8217;EINAR , EL VIGGO, EL MARIO, LA D\u00c0LIA I EL MARC, els hi hem felicitat i\u00a0 cantat la can\u00e7\u00f3 d&#8217;aniversari feli\u00e7. A m\u00e9s a m\u00e9s, els\u00a0 hem escrit en una postal paraules boniques que se l&#8217;han endut cada\u00a0 nen i nena que feia anys. Ara ja tots els els\u00a0 nens i nenes de la classe de les Balenes tenen 5 anys.<\/p>\n<p style=\"text-align: center\">MOLTES FELICITATS!!!!<\/p>\n<p style=\"text-align: center\">CLIQUEU AL PAT\u00cdS!!!<\/p>\n<p>&nbsp;<\/p>\n<p><a href=\"https:\/\/photos.app.goo.gl\/v7hJFnfNcbW3NADH8\"><img decoding=\"async\" class=\"aligncenter\" src=\"https:\/\/agora.xtec.cat\/escolacollserolacerdanyola\/wp-content\/uploads\/usu1390\/2021\/04\/pAT%C3%8DS-5-ANYS.jpg\" \/><\/a><\/p>\n","protected":false},"excerpt":{"rendered":"<p>Al llarg del trimestre a la classe de les Balenes hem celebrat els aniversaris cantant i\u00a0 felicitant, a l&#8217;AIMAN, L&#8217;EINAR , EL VIGGO, EL MARIO, LA D\u00c0LIA I EL MARC, els hi hem felicitat i\u00a0 cantat la can\u00e7\u00f3 d&#8217;aniversari feli\u00e7. A m\u00e9s a m\u00e9s, els\u00a0&hellip;  <a href=\"https:\/\/agora.xtec.cat\/escolacollserolacerdanyola\/ei3-ei4-ei5\/ei5\/p5-aniversaris\/\" title=\"Read P5-ANIVERSARIS\">Llegeix m\u00e9s\u00bb<\/a><\/p>\n","protected":false},"author":6,"featured_media":24168,"comment_status":"open","ping_status":"closed","sticky":false,"template":"","format":"standard","meta":{"_bbp_topic_count":0,"_bbp_reply_count":0,"_bbp_total_topic_count":0,"_bbp_total_reply_count":0,"_bbp_voice_count":0,"_bbp_anonymous_reply_count":0,"_bbp_topic_count_hidden":0,"_bbp_reply_count_hidden":0,"_bbp_forum_subforum_count":0,"footnotes":""},"categories":[9],"tags":[],"class_list":["post-25079","post","type-post","status-publish","format-standard","has-post-thumbnail","hentry","category-ei5"],"post_mailing_queue_ids":[],"_links":{"self":[{"href":"https:\/\/agora.xtec.cat\/escolacollserolacerdanyola\/wp-json\/wp\/v2\/posts\/25079","targetHints":{"allow":["GET"]}}],"collection":[{"href":"https:\/\/agora.xtec.cat\/escolacollserolacerdanyola\/wp-json\/wp\/v2\/posts"}],"about":[{"href":"https:\/\/agora.xtec.cat\/escolacollserolacerdanyola\/wp-json\/wp\/v2\/types\/post"}],"author":[{"embeddable":true,"href":"https:\/\/agora.xtec.cat\/escolacollserolacerdanyola\/wp-json\/wp\/v2\/users\/6"}],"replies":[{"embeddable":true,"href":"https:\/\/agora.xtec.cat\/escolacollserolacerdanyola\/wp-json\/wp\/v2\/comments?post=25079"}],"version-history":[{"count":2,"href":"https:\/\/agora.xtec.cat\/escolacollserolacerdanyola\/wp-json\/wp\/v2\/posts\/25079\/revisions"}],"predecessor-version":[{"id":25103,"href":"https:\/\/agora.xtec.cat\/escolacollserolacerdanyola\/wp-json\/wp\/v2\/posts\/25079\/revisions\/25103"}],"wp:featuredmedia":[{"embeddable":true,"href":"https:\/\/agora.xtec.cat\/escolacollserolacerdanyola\/wp-json\/wp\/v2\/media\/24168"}],"wp:attachment":[{"href":"https:\/\/agora.xtec.cat\/escolacollserolacerdanyola\/wp-json\/wp\/v2\/media?parent=25079"}],"wp:term":[{"taxonomy":"category","embeddable":true,"href":"https:\/\/agora.xtec.cat\/escolacollserolacerdanyola\/wp-json\/wp\/v2\/categories?post=25079"},{"taxonomy":"post_tag","embeddable":true,"href":"https:\/\/agora.xtec.cat\/escolacollserolacerdanyola\/wp-json\/wp\/v2\/tags?post=25079"}],"curies":[{"name":"wp","href":"https:\/\/api.w.org\/{rel}","templated":true}]}}