{"id":25075,"date":"2021-12-21T14:18:53","date_gmt":"2021-12-21T13:18:53","guid":{"rendered":"https:\/\/agora.xtec.cat\/escolacollserolacerdanyola\/?p=25075"},"modified":"2021-12-22T10:24:44","modified_gmt":"2021-12-22T09:24:44","slug":"concert-dhivern","status":"publish","type":"post","link":"https:\/\/agora.xtec.cat\/escolacollserolacerdanyola\/de-1r-a-6e\/1r\/concert-dhivern\/","title":{"rendered":"Concert d&#8217;hivern"},"content":{"rendered":"<p>Aquest passat dilluns 20 de desembre, hem celebrat el tradicional concert de Nadal al pati de la nostra escola. Aquest any hem pogut gaudir de totes les actuacions, des dels m\u00e9s petits fins als m\u00e9s grans. Ha estat un acte molt especial, amb una sorpresa final: l\u2019actuaci\u00f3 de les mestres.<\/p>\n<p>Les malvades i malvats de 1r ens van presentar una can\u00e7\u00f3 molt animada titulada <em>Voldria passar un Nadal com cal <\/em><span style=\"font-family: Calibri, serif\"><span style=\"font-size: large\">(Xavi Gonz\u00e1lez i Anna Llopart).<\/span><\/span><\/p>\n<p>Les cient\u00edfiques i cient\u00edfics de 2n ens van sorprendre amb la seva part m\u00e9s rockera amb la versi\u00f3 d&#8217;\u00c9<em>s Nadal<\/em> de Bon Jovi <span style=\"font-family: Calibri, serif\"><span style=\"font-size: large\">(Marta &amp; Gregori).<\/span><\/span><\/p>\n<p>I finalment, la classe de 3r ens va fer viatjar a un pa\u00eds de pau amb la can\u00e7\u00f3 titulada<em> Pa\u00eds Blanc <\/em><span style=\"font-family: Calibri, serif\"><span style=\"font-size: large\">(David Melgar i Gibert d\u2019Artze).<\/span><\/span><\/p>\n<p>Felicitem a tots els nens i nenes per les seves actuacions i per tot l\u2019esfor\u00e7 i ganes que hi han posat. Ha estat tot un \u00e8xit!<\/p>\n<p>Esperem que us agradi!<\/p>\n<p><a href=\"https:\/\/photos.app.goo.gl\/tjT3K5Z1hbAkKP9QA\">Actuacions concert d&#8217;hivern<\/a><\/p>\n","protected":false},"excerpt":{"rendered":"<p>Aquest passat dilluns 20 de desembre, hem celebrat el tradicional concert de Nadal al pati de la nostra escola. Aquest any hem pogut gaudir de totes les actuacions, des dels m\u00e9s petits fins als m\u00e9s grans. Ha estat un acte molt especial, amb una sorpresa&hellip;  <a href=\"https:\/\/agora.xtec.cat\/escolacollserolacerdanyola\/de-1r-a-6e\/1r\/concert-dhivern\/\" title=\"Read Concert d&#8217;hivern\">Llegeix m\u00e9s\u00bb<\/a><\/p>\n","protected":false},"author":7,"featured_media":25085,"comment_status":"open","ping_status":"closed","sticky":false,"template":"","format":"standard","meta":{"_bbp_topic_count":0,"_bbp_reply_count":0,"_bbp_total_topic_count":0,"_bbp_total_reply_count":0,"_bbp_voice_count":0,"_bbp_anonymous_reply_count":0,"_bbp_topic_count_hidden":0,"_bbp_reply_count_hidden":0,"_bbp_forum_subforum_count":0,"footnotes":""},"categories":[10,11,12,267],"tags":[],"class_list":["post-25075","post","type-post","status-publish","format-standard","has-post-thumbnail","hentry","category-1r","category-2n","category-3r","category-musica"],"post_mailing_queue_ids":[],"_links":{"self":[{"href":"https:\/\/agora.xtec.cat\/escolacollserolacerdanyola\/wp-json\/wp\/v2\/posts\/25075","targetHints":{"allow":["GET"]}}],"collection":[{"href":"https:\/\/agora.xtec.cat\/escolacollserolacerdanyola\/wp-json\/wp\/v2\/posts"}],"about":[{"href":"https:\/\/agora.xtec.cat\/escolacollserolacerdanyola\/wp-json\/wp\/v2\/types\/post"}],"author":[{"embeddable":true,"href":"https:\/\/agora.xtec.cat\/escolacollserolacerdanyola\/wp-json\/wp\/v2\/users\/7"}],"replies":[{"embeddable":true,"href":"https:\/\/agora.xtec.cat\/escolacollserolacerdanyola\/wp-json\/wp\/v2\/comments?post=25075"}],"version-history":[{"count":3,"href":"https:\/\/agora.xtec.cat\/escolacollserolacerdanyola\/wp-json\/wp\/v2\/posts\/25075\/revisions"}],"predecessor-version":[{"id":25087,"href":"https:\/\/agora.xtec.cat\/escolacollserolacerdanyola\/wp-json\/wp\/v2\/posts\/25075\/revisions\/25087"}],"wp:featuredmedia":[{"embeddable":true,"href":"https:\/\/agora.xtec.cat\/escolacollserolacerdanyola\/wp-json\/wp\/v2\/media\/25085"}],"wp:attachment":[{"href":"https:\/\/agora.xtec.cat\/escolacollserolacerdanyola\/wp-json\/wp\/v2\/media?parent=25075"}],"wp:term":[{"taxonomy":"category","embeddable":true,"href":"https:\/\/agora.xtec.cat\/escolacollserolacerdanyola\/wp-json\/wp\/v2\/categories?post=25075"},{"taxonomy":"post_tag","embeddable":true,"href":"https:\/\/agora.xtec.cat\/escolacollserolacerdanyola\/wp-json\/wp\/v2\/tags?post=25075"}],"curies":[{"name":"wp","href":"https:\/\/api.w.org\/{rel}","templated":true}]}}