{"id":25031,"date":"2021-12-11T19:49:38","date_gmt":"2021-12-11T18:49:38","guid":{"rendered":"https:\/\/agora.xtec.cat\/escolacollserolacerdanyola\/?p=25031"},"modified":"2022-02-27T20:08:51","modified_gmt":"2022-02-27T19:08:51","slug":"el-tio-arriba-a-lescola","status":"publish","type":"post","link":"https:\/\/agora.xtec.cat\/escolacollserolacerdanyola\/ei3-ei4-ei5\/ei3\/el-tio-arriba-a-lescola\/","title":{"rendered":"EL TI\u00d3 ARRIBA A L&#8217;ESCOLA"},"content":{"rendered":"<p>BENVOLGUDES FAM\u00cdLIES,<\/p>\n<p>EL DIJOUS DIA 10 DE DESEMBRE, LA CONSERGE CONSOL\u00a0 ENS VA PORTAR UNA\u00a0 CARTA DIRIGIDA A LA CLASSE DELS COLORS. EL REMITENT D&#8217;AQUESTA CARTA ERA DEL TI\u00d3, ENS DEIA: QUE HAVIA ARRIBAT A L&#8217;ESCOLA I ENS DONAVA UNA PISTA D&#8217;ON EL POD\u00cdEM TROBAR.<\/p>\n<p>AIX\u00cd QUE VAM SORTIR A LA SEVA BUSCA I EL VAM TROBAR AMAGAT AL COSTAT DE L&#8217;HORT. ENS VAM PODER FER UNA FOTOGRAFIA AMB ELL. LI VAM DIR QUE QUAN VOGU\u00c9S PODIA ENTRAR A L&#8217;ESCOLA QUE LI POSAR\u00cdEM UNA MANTA I LI DONAR\u00cdEM DE MENJAR. I AIX\u00cd HO VAM FER AL DIA SEG\u00cbNT L&#8217;HEM PORTAT MOLT MENJAR.<\/p>\n<p>ESTEM MOLT CONTENTS\/ES DE TENIR-HO A L&#8217;ESCOLA I EL CUIDAREM MOLT B\u00c9!!!!!!!!!!!!!!!!!!<\/p>\n<p>&nbsp;<\/p>\n<p>AQU\u00cd US DEIXEM UN RECULL DE FOTOGRAFIES<\/p>\n<p>SALUTACIONS ELS COLORS I LA PILI<\/p>\n<p style=\"text-align: center\">CLIQUEU I VEUREU LES FOTOGRAFIES<a href=\"https:\/\/photos.app.goo.gl\/D3BLvo8BpNRUyCJs5\"><img loading=\"lazy\" decoding=\"async\" class=\"size-medium wp-image-25032 aligncenter\" src=\"https:\/\/agora.xtec.cat\/escolacollserolacerdanyola\/wp-content\/uploads\/usu1390\/2021\/12\/TIO-300x225.jpg\" alt=\"\" width=\"300\" height=\"225\" srcset=\"https:\/\/agora.xtec.cat\/escolacollserolacerdanyola\/wp-content\/uploads\/usu1390\/2021\/12\/TIO-300x225.jpg 300w, https:\/\/agora.xtec.cat\/escolacollserolacerdanyola\/wp-content\/uploads\/usu1390\/2021\/12\/TIO-1024x768.jpg 1024w, https:\/\/agora.xtec.cat\/escolacollserolacerdanyola\/wp-content\/uploads\/usu1390\/2021\/12\/TIO-768x576.jpg 768w, https:\/\/agora.xtec.cat\/escolacollserolacerdanyola\/wp-content\/uploads\/usu1390\/2021\/12\/TIO-1536x1152.jpg 1536w, https:\/\/agora.xtec.cat\/escolacollserolacerdanyola\/wp-content\/uploads\/usu1390\/2021\/12\/TIO-2048x1536.jpg 2048w, https:\/\/agora.xtec.cat\/escolacollserolacerdanyola\/wp-content\/uploads\/usu1390\/2021\/12\/TIO-200x150.jpg 200w\" sizes=\"auto, (max-width: 300px) 100vw, 300px\" \/><\/a><\/p>\n","protected":false},"excerpt":{"rendered":"<p>BENVOLGUDES FAM\u00cdLIES,<br \/>\nEL DIJOUS DIA 10 DE DESEMBRE, LA CONSERGE CONSOL\u00a0 ENS VA PORTAR UNA\u00a0 CARTA DIRIGIDA A LA CLASSE DELS COLORS. EL REMITENT D&#8217;AQUESTA CARTA ERA DEL TI\u00d3, ENS DEIA: QUE HAVIA ARRIBAT A L&#8217;ESCOLA I ENS DONAVA UNA PISTA D&#8217;ON EL POD\u00cdEM TROBAR.<br \/>\nAIX\u00cd QUE&hellip;  <a href=\"https:\/\/agora.xtec.cat\/escolacollserolacerdanyola\/ei3-ei4-ei5\/ei3\/el-tio-arriba-a-lescola\/\" title=\"Read EL TI\u00d3 ARRIBA A L&#8217;ESCOLA\">Llegeix m\u00e9s\u00bb<\/a><\/p>\n","protected":false},"author":6,"featured_media":25032,"comment_status":"open","ping_status":"closed","sticky":false,"template":"","format":"standard","meta":{"_bbp_topic_count":0,"_bbp_reply_count":0,"_bbp_total_topic_count":0,"_bbp_total_reply_count":0,"_bbp_voice_count":0,"_bbp_anonymous_reply_count":0,"_bbp_topic_count_hidden":0,"_bbp_reply_count_hidden":0,"_bbp_forum_subforum_count":0,"footnotes":""},"categories":[3],"tags":[],"class_list":["post-25031","post","type-post","status-publish","format-standard","has-post-thumbnail","hentry","category-ei3"],"post_mailing_queue_ids":[],"_links":{"self":[{"href":"https:\/\/agora.xtec.cat\/escolacollserolacerdanyola\/wp-json\/wp\/v2\/posts\/25031","targetHints":{"allow":["GET"]}}],"collection":[{"href":"https:\/\/agora.xtec.cat\/escolacollserolacerdanyola\/wp-json\/wp\/v2\/posts"}],"about":[{"href":"https:\/\/agora.xtec.cat\/escolacollserolacerdanyola\/wp-json\/wp\/v2\/types\/post"}],"author":[{"embeddable":true,"href":"https:\/\/agora.xtec.cat\/escolacollserolacerdanyola\/wp-json\/wp\/v2\/users\/6"}],"replies":[{"embeddable":true,"href":"https:\/\/agora.xtec.cat\/escolacollserolacerdanyola\/wp-json\/wp\/v2\/comments?post=25031"}],"version-history":[{"count":2,"href":"https:\/\/agora.xtec.cat\/escolacollserolacerdanyola\/wp-json\/wp\/v2\/posts\/25031\/revisions"}],"predecessor-version":[{"id":25034,"href":"https:\/\/agora.xtec.cat\/escolacollserolacerdanyola\/wp-json\/wp\/v2\/posts\/25031\/revisions\/25034"}],"wp:featuredmedia":[{"embeddable":true,"href":"https:\/\/agora.xtec.cat\/escolacollserolacerdanyola\/wp-json\/wp\/v2\/media\/25032"}],"wp:attachment":[{"href":"https:\/\/agora.xtec.cat\/escolacollserolacerdanyola\/wp-json\/wp\/v2\/media?parent=25031"}],"wp:term":[{"taxonomy":"category","embeddable":true,"href":"https:\/\/agora.xtec.cat\/escolacollserolacerdanyola\/wp-json\/wp\/v2\/categories?post=25031"},{"taxonomy":"post_tag","embeddable":true,"href":"https:\/\/agora.xtec.cat\/escolacollserolacerdanyola\/wp-json\/wp\/v2\/tags?post=25031"}],"curies":[{"name":"wp","href":"https:\/\/api.w.org\/{rel}","templated":true}]}}