{"id":25029,"date":"2021-12-11T19:50:39","date_gmt":"2021-12-11T18:50:39","guid":{"rendered":"https:\/\/agora.xtec.cat\/escolacollserolacerdanyola\/?p=25029"},"modified":"2021-12-11T19:50:39","modified_gmt":"2021-12-11T18:50:39","slug":"sortida-per-collserola","status":"publish","type":"post","link":"https:\/\/agora.xtec.cat\/escolacollserolacerdanyola\/de-1r-a-6e\/sortida-per-collserola\/","title":{"rendered":"sortida per Collserola"},"content":{"rendered":"<p>Els malvats i malvades de 1r hem passat el mat\u00ed a la muntanya, gaudint de la natura i sobretot buscant i trobant al nostre ti\u00f3 de l&#8217;escola, ja que els follets de l&#8217;advent s&#8217;han assabentat que marx\u00e0vem d&#8217;excursi\u00f3 i ens han donat una missi\u00f3: trobar el ti\u00f3, que est\u00e0 molt cansat i no ha pogut arribar fins la nostra escola.<\/p>\n<p>Aix\u00ed que amb moltes ganes i energia hem sortit cap al bosc de Collserola, i despr\u00e9s de trobar diverses pistes (com peles de mandarina), hem arribat fins a un bosquet m\u00e0gic, el bosc dels tions, on hem trobat el ti\u00f3 cansat i amb gana. L&#8217;hem cuidat i dut fins a l&#8217;escola, on ja descansa amb una manteta i un plat ple de galetes.<\/p>\n<p>Ho hem passat d&#8217;all\u00f2 m\u00e9s b\u00e9, i hem tornat molt i molt cansats!!!!!!!!<\/p>\n<p>Esperem que gaudiu de les fotografies Malvades i malvats i fam\u00edlia!<\/p>\n<p>&nbsp;<\/p>\n<p><a href=\"https:\/\/photos.app.goo.gl\/F2C8f4vgFtowp2aV6\">sortida per Collserola<\/a><\/p>\n","protected":false},"excerpt":{"rendered":"<p>Els malvats i malvades de 1r hem passat el mat\u00ed a la muntanya, gaudint de la natura i sobretot buscant i trobant al nostre ti\u00f3 de l&#8217;escola, ja que els follets de l&#8217;advent s&#8217;han assabentat que marx\u00e0vem d&#8217;excursi\u00f3 i ens han donat una missi\u00f3: trobar&hellip;  <a href=\"https:\/\/agora.xtec.cat\/escolacollserolacerdanyola\/de-1r-a-6e\/sortida-per-collserola\/\" title=\"Read sortida per Collserola\">Llegeix m\u00e9s\u00bb<\/a><\/p>\n","protected":false},"author":33,"featured_media":0,"comment_status":"open","ping_status":"closed","sticky":false,"template":"","format":"standard","meta":{"_bbp_topic_count":0,"_bbp_reply_count":0,"_bbp_total_topic_count":0,"_bbp_total_reply_count":0,"_bbp_voice_count":0,"_bbp_anonymous_reply_count":0,"_bbp_topic_count_hidden":0,"_bbp_reply_count_hidden":0,"_bbp_forum_subforum_count":0,"footnotes":""},"categories":[10,5,93],"tags":[],"class_list":["post-25029","post","type-post","status-publish","format-standard","hentry","category-1r","category-de-1r-a-6e","category-sortides"],"post_mailing_queue_ids":[],"_links":{"self":[{"href":"https:\/\/agora.xtec.cat\/escolacollserolacerdanyola\/wp-json\/wp\/v2\/posts\/25029","targetHints":{"allow":["GET"]}}],"collection":[{"href":"https:\/\/agora.xtec.cat\/escolacollserolacerdanyola\/wp-json\/wp\/v2\/posts"}],"about":[{"href":"https:\/\/agora.xtec.cat\/escolacollserolacerdanyola\/wp-json\/wp\/v2\/types\/post"}],"author":[{"embeddable":true,"href":"https:\/\/agora.xtec.cat\/escolacollserolacerdanyola\/wp-json\/wp\/v2\/users\/33"}],"replies":[{"embeddable":true,"href":"https:\/\/agora.xtec.cat\/escolacollserolacerdanyola\/wp-json\/wp\/v2\/comments?post=25029"}],"version-history":[{"count":1,"href":"https:\/\/agora.xtec.cat\/escolacollserolacerdanyola\/wp-json\/wp\/v2\/posts\/25029\/revisions"}],"predecessor-version":[{"id":25035,"href":"https:\/\/agora.xtec.cat\/escolacollserolacerdanyola\/wp-json\/wp\/v2\/posts\/25029\/revisions\/25035"}],"wp:attachment":[{"href":"https:\/\/agora.xtec.cat\/escolacollserolacerdanyola\/wp-json\/wp\/v2\/media?parent=25029"}],"wp:term":[{"taxonomy":"category","embeddable":true,"href":"https:\/\/agora.xtec.cat\/escolacollserolacerdanyola\/wp-json\/wp\/v2\/categories?post=25029"},{"taxonomy":"post_tag","embeddable":true,"href":"https:\/\/agora.xtec.cat\/escolacollserolacerdanyola\/wp-json\/wp\/v2\/tags?post=25029"}],"curies":[{"name":"wp","href":"https:\/\/api.w.org\/{rel}","templated":true}]}}