{"id":25021,"date":"2021-12-10T15:33:22","date_gmt":"2021-12-10T14:33:22","guid":{"rendered":"https:\/\/agora.xtec.cat\/escolacollserolacerdanyola\/?p=25021"},"modified":"2021-12-10T15:33:22","modified_gmt":"2021-12-10T14:33:22","slug":"ioga-dau","status":"publish","type":"post","link":"https:\/\/agora.xtec.cat\/escolacollserolacerdanyola\/de-1r-a-6e\/1r\/ioga-dau\/","title":{"rendered":"IOGA DAU"},"content":{"rendered":"<p>Som un grup molt mogut!!! Per\u00f2 quan ens posen un matal\u00e0s de ioga, ens concentrem i ens relaxem molt! Aqu\u00ed teniu algunes mostres de com ha anat la sessi\u00f3 del ioga dau.<\/p>\n<p><a href=\"https:\/\/photos.app.goo.gl\/9oWGD9UhD9BhG1Ti9\"><img loading=\"lazy\" decoding=\"async\" class=\"\" src=\"https:\/\/agora.xtec.cat\/escolacollserolacerdanyola\/wp-content\/uploads\/usu1390\/2021\/12\/yoga-for-kidz-yoga-kids.png\" width=\"253\" height=\"259\" \/><\/a><\/p>\n","protected":false},"excerpt":{"rendered":"<p>Som un grup molt mogut!!! Per\u00f2 quan ens posen un matal\u00e0s de ioga, ens concentrem i ens relaxem molt! Aqu\u00ed teniu algunes mostres de com ha anat la sessi\u00f3 del ioga dau.<br \/>\n<a href=\"https:\/\/photos.app.goo.gl\/9oWGD9UhD9BhG1Ti9\"><\/a><\/p>\n","protected":false},"author":7,"featured_media":25022,"comment_status":"open","ping_status":"closed","sticky":false,"template":"","format":"standard","meta":{"_bbp_topic_count":0,"_bbp_reply_count":0,"_bbp_total_topic_count":0,"_bbp_total_reply_count":0,"_bbp_voice_count":0,"_bbp_anonymous_reply_count":0,"_bbp_topic_count_hidden":0,"_bbp_reply_count_hidden":0,"_bbp_forum_subforum_count":0,"footnotes":""},"categories":[10,268],"tags":[667,275,668],"class_list":["post-25021","post","type-post","status-publish","format-standard","has-post-thumbnail","hentry","category-1r","category-educacio-fisica","tag-1r","tag-educacio-fisica","tag-ioga"],"post_mailing_queue_ids":[],"_links":{"self":[{"href":"https:\/\/agora.xtec.cat\/escolacollserolacerdanyola\/wp-json\/wp\/v2\/posts\/25021","targetHints":{"allow":["GET"]}}],"collection":[{"href":"https:\/\/agora.xtec.cat\/escolacollserolacerdanyola\/wp-json\/wp\/v2\/posts"}],"about":[{"href":"https:\/\/agora.xtec.cat\/escolacollserolacerdanyola\/wp-json\/wp\/v2\/types\/post"}],"author":[{"embeddable":true,"href":"https:\/\/agora.xtec.cat\/escolacollserolacerdanyola\/wp-json\/wp\/v2\/users\/7"}],"replies":[{"embeddable":true,"href":"https:\/\/agora.xtec.cat\/escolacollserolacerdanyola\/wp-json\/wp\/v2\/comments?post=25021"}],"version-history":[{"count":2,"href":"https:\/\/agora.xtec.cat\/escolacollserolacerdanyola\/wp-json\/wp\/v2\/posts\/25021\/revisions"}],"predecessor-version":[{"id":25024,"href":"https:\/\/agora.xtec.cat\/escolacollserolacerdanyola\/wp-json\/wp\/v2\/posts\/25021\/revisions\/25024"}],"wp:featuredmedia":[{"embeddable":true,"href":"https:\/\/agora.xtec.cat\/escolacollserolacerdanyola\/wp-json\/wp\/v2\/media\/25022"}],"wp:attachment":[{"href":"https:\/\/agora.xtec.cat\/escolacollserolacerdanyola\/wp-json\/wp\/v2\/media?parent=25021"}],"wp:term":[{"taxonomy":"category","embeddable":true,"href":"https:\/\/agora.xtec.cat\/escolacollserolacerdanyola\/wp-json\/wp\/v2\/categories?post=25021"},{"taxonomy":"post_tag","embeddable":true,"href":"https:\/\/agora.xtec.cat\/escolacollserolacerdanyola\/wp-json\/wp\/v2\/tags?post=25021"}],"curies":[{"name":"wp","href":"https:\/\/api.w.org\/{rel}","templated":true}]}}