{"id":24981,"date":"2021-12-02T21:08:12","date_gmt":"2021-12-02T20:08:12","guid":{"rendered":"https:\/\/agora.xtec.cat\/escolacollserolacerdanyola\/?p=24981"},"modified":"2021-12-02T21:08:12","modified_gmt":"2021-12-02T20:08:12","slug":"p5-activitat-bosc-de-llum","status":"publish","type":"post","link":"https:\/\/agora.xtec.cat\/escolacollserolacerdanyola\/ei3-ei4-ei5\/ei5\/p5-activitat-bosc-de-llum\/","title":{"rendered":"P5 ACTIVITAT BOSC DE LLUM"},"content":{"rendered":"<p>Benvolgudes fam\u00edlies!!<\/p>\n<p style=\"text-align: center\">Aquest dilluns va venir l&#8217;ELI de BOSC DE LLUM. Hem sortit\u00a0 a davant de l&#8217;escola. L&#8217;Eli ens ha portat material divers dins de bossetes (cargols, pinyes, pedres. plantes arom\u00e0tiques..) on les hem descobert amb els sentits de la vista, el tacte, i l&#8217;olfacte, a m\u00e9s a m\u00e9s, l&#8217;hem pogut relacionar, amb diferents animals que viuen al bosc.<\/p>\n<p style=\"text-align: center\">\u00a0Clica a sobre la imatge i veur\u00e0s<\/p>\n<p><a href=\"https:\/\/photos.app.goo.gl\/Tk6XscxGbLJL78H36\"><img loading=\"lazy\" decoding=\"async\" class=\"aligncenter\" src=\"https:\/\/agora.xtec.cat\/escolacollserolacerdanyola\/wp-content\/uploads\/usu1390\/2021\/12\/imatge-portada.jpg\" width=\"445\" height=\"251\" \/><\/a><\/p>\n<p>&nbsp;<\/p>\n","protected":false},"excerpt":{"rendered":"<p>Benvolgudes fam\u00edlies!!<br \/>\nAquest dilluns va venir l&#8217;ELI de BOSC DE LLUM. Hem sortit\u00a0 a davant de l&#8217;escola. L&#8217;Eli ens ha portat material divers dins de bossetes (cargols, pinyes, pedres. plantes arom\u00e0tiques..) on les hem descobert amb els sentits de la vista, el tacte, i l&#8217;olfacte, a&hellip;  <a href=\"https:\/\/agora.xtec.cat\/escolacollserolacerdanyola\/ei3-ei4-ei5\/ei5\/p5-activitat-bosc-de-llum\/\" title=\"Read P5 ACTIVITAT BOSC DE LLUM\">Llegeix m\u00e9s\u00bb<\/a><\/p>\n","protected":false},"author":6,"featured_media":24980,"comment_status":"open","ping_status":"closed","sticky":false,"template":"","format":"standard","meta":{"_bbp_topic_count":0,"_bbp_reply_count":0,"_bbp_total_topic_count":0,"_bbp_total_reply_count":0,"_bbp_voice_count":0,"_bbp_anonymous_reply_count":0,"_bbp_topic_count_hidden":0,"_bbp_reply_count_hidden":0,"_bbp_forum_subforum_count":0,"footnotes":""},"categories":[9],"tags":[],"class_list":["post-24981","post","type-post","status-publish","format-standard","has-post-thumbnail","hentry","category-ei5"],"post_mailing_queue_ids":[],"_links":{"self":[{"href":"https:\/\/agora.xtec.cat\/escolacollserolacerdanyola\/wp-json\/wp\/v2\/posts\/24981","targetHints":{"allow":["GET"]}}],"collection":[{"href":"https:\/\/agora.xtec.cat\/escolacollserolacerdanyola\/wp-json\/wp\/v2\/posts"}],"about":[{"href":"https:\/\/agora.xtec.cat\/escolacollserolacerdanyola\/wp-json\/wp\/v2\/types\/post"}],"author":[{"embeddable":true,"href":"https:\/\/agora.xtec.cat\/escolacollserolacerdanyola\/wp-json\/wp\/v2\/users\/6"}],"replies":[{"embeddable":true,"href":"https:\/\/agora.xtec.cat\/escolacollserolacerdanyola\/wp-json\/wp\/v2\/comments?post=24981"}],"version-history":[{"count":3,"href":"https:\/\/agora.xtec.cat\/escolacollserolacerdanyola\/wp-json\/wp\/v2\/posts\/24981\/revisions"}],"predecessor-version":[{"id":24984,"href":"https:\/\/agora.xtec.cat\/escolacollserolacerdanyola\/wp-json\/wp\/v2\/posts\/24981\/revisions\/24984"}],"wp:featuredmedia":[{"embeddable":true,"href":"https:\/\/agora.xtec.cat\/escolacollserolacerdanyola\/wp-json\/wp\/v2\/media\/24980"}],"wp:attachment":[{"href":"https:\/\/agora.xtec.cat\/escolacollserolacerdanyola\/wp-json\/wp\/v2\/media?parent=24981"}],"wp:term":[{"taxonomy":"category","embeddable":true,"href":"https:\/\/agora.xtec.cat\/escolacollserolacerdanyola\/wp-json\/wp\/v2\/categories?post=24981"},{"taxonomy":"post_tag","embeddable":true,"href":"https:\/\/agora.xtec.cat\/escolacollserolacerdanyola\/wp-json\/wp\/v2\/tags?post=24981"}],"curies":[{"name":"wp","href":"https:\/\/api.w.org\/{rel}","templated":true}]}}