{"id":24937,"date":"2021-11-18T07:12:39","date_gmt":"2021-11-18T06:12:39","guid":{"rendered":"https:\/\/agora.xtec.cat\/escolacollserolacerdanyola\/?p=24937"},"modified":"2021-11-18T07:14:00","modified_gmt":"2021-11-18T06:14:00","slug":"6e-aulos","status":"publish","type":"post","link":"https:\/\/agora.xtec.cat\/escolacollserolacerdanyola\/de-1r-a-6e\/6e\/6e-aulos\/","title":{"rendered":"6\u00e8 Aulos"},"content":{"rendered":"<p><a href=\"https:\/\/photos.app.goo.gl\/rsan6qAd8Wci7wNM6\">6\u00e8 AULOS<\/a><\/p>\n<p class=\"western\" lang=\"ca-ES\" align=\"center\"><span style=\"color: #0070c0\"><span style=\"font-family: Goudy Stout, serif\"><span lang=\"es-ES\"><b>MAT\u00cd MUSICAL A L\u2019 ESCOLA DE M\u00daSICA : \u201cAULOS\u201d<\/b><\/span><\/span><\/span><\/p>\n<p class=\"western\" lang=\"ca-ES\">Tot i que era dilluns i el mat\u00ed estava pluj\u00f3s i emboirat , nosaltres hem sortit de l\u2019 escola molt contents perqu\u00e8 era la nostra primera sortida aquest curs. A l\u2019 Aulos ens han rebut molt i molt contents perqu\u00e8 hem estat el primer grup que rebien despr\u00e9s de la Pand\u00e8mia.<\/p>\n<p class=\"western\" lang=\"ca-ES\">Ens esperaven 4 mestres i han fet 2 grups de teclats que han tocat piano i 2 grups de corda que han tocat guitarra.<\/p>\n<p class=\"western\" lang=\"ca-ES\"><span style=\"color: #0070c0\"><span style=\"font-family: Goudy Stout, serif\">L\u2019 objectiu era clar: despr\u00e9s de 30m ens retrobar\u00edem i tots junts tocar\u00edem la mateixa pe\u00e7a.<\/span><\/span><\/p>\n<p class=\"western\" lang=\"ca-ES\">Els assajos ja sonaven molt b\u00e9, tothom semblava un gran m\u00fasic experimentat i el resultat final ha estat <span style=\"color: #0070c0\"><span style=\"font-family: Goudy Stout, serif\">espectaculaaaaar!!!<\/span><\/span><\/p>\n<p class=\"western\" lang=\"ca-ES\">Mireu les fotos i escolteu els v\u00eddeos , veure-ho que b\u00e9 que ho han fet.<\/p>\n","protected":false},"excerpt":{"rendered":"<p><a href=\"https:\/\/photos.app.goo.gl\/rsan6qAd8Wci7wNM6\">6\u00e8 AULOS<\/a><br \/>\nMAT\u00cd MUSICAL A L\u2019 ESCOLA DE M\u00daSICA : \u201cAULOS\u201d<br \/>\nTot i que era dilluns i el mat\u00ed estava pluj\u00f3s i emboirat , nosaltres hem sortit de l\u2019 escola molt contents perqu\u00e8 era la nostra primera sortida aquest curs. A l\u2019 Aulos ens han rebut&hellip;  <a href=\"https:\/\/agora.xtec.cat\/escolacollserolacerdanyola\/de-1r-a-6e\/6e\/6e-aulos\/\" title=\"Read 6\u00e8 Aulos\">Llegeix m\u00e9s\u00bb<\/a><\/p>\n","protected":false},"author":9,"featured_media":24952,"comment_status":"open","ping_status":"closed","sticky":false,"template":"","format":"standard","meta":{"_bbp_topic_count":0,"_bbp_reply_count":0,"_bbp_total_topic_count":0,"_bbp_total_reply_count":0,"_bbp_voice_count":0,"_bbp_anonymous_reply_count":0,"_bbp_topic_count_hidden":0,"_bbp_reply_count_hidden":0,"_bbp_forum_subforum_count":0,"footnotes":""},"categories":[15,86],"tags":[],"class_list":["post-24937","post","type-post","status-publish","format-standard","has-post-thumbnail","hentry","category-6e","category-grans"],"post_mailing_queue_ids":[],"_links":{"self":[{"href":"https:\/\/agora.xtec.cat\/escolacollserolacerdanyola\/wp-json\/wp\/v2\/posts\/24937","targetHints":{"allow":["GET"]}}],"collection":[{"href":"https:\/\/agora.xtec.cat\/escolacollserolacerdanyola\/wp-json\/wp\/v2\/posts"}],"about":[{"href":"https:\/\/agora.xtec.cat\/escolacollserolacerdanyola\/wp-json\/wp\/v2\/types\/post"}],"author":[{"embeddable":true,"href":"https:\/\/agora.xtec.cat\/escolacollserolacerdanyola\/wp-json\/wp\/v2\/users\/9"}],"replies":[{"embeddable":true,"href":"https:\/\/agora.xtec.cat\/escolacollserolacerdanyola\/wp-json\/wp\/v2\/comments?post=24937"}],"version-history":[{"count":2,"href":"https:\/\/agora.xtec.cat\/escolacollserolacerdanyola\/wp-json\/wp\/v2\/posts\/24937\/revisions"}],"predecessor-version":[{"id":24953,"href":"https:\/\/agora.xtec.cat\/escolacollserolacerdanyola\/wp-json\/wp\/v2\/posts\/24937\/revisions\/24953"}],"wp:featuredmedia":[{"embeddable":true,"href":"https:\/\/agora.xtec.cat\/escolacollserolacerdanyola\/wp-json\/wp\/v2\/media\/24952"}],"wp:attachment":[{"href":"https:\/\/agora.xtec.cat\/escolacollserolacerdanyola\/wp-json\/wp\/v2\/media?parent=24937"}],"wp:term":[{"taxonomy":"category","embeddable":true,"href":"https:\/\/agora.xtec.cat\/escolacollserolacerdanyola\/wp-json\/wp\/v2\/categories?post=24937"},{"taxonomy":"post_tag","embeddable":true,"href":"https:\/\/agora.xtec.cat\/escolacollserolacerdanyola\/wp-json\/wp\/v2\/tags?post=24937"}],"curies":[{"name":"wp","href":"https:\/\/api.w.org\/{rel}","templated":true}]}}