{"id":24931,"date":"2021-11-16T15:25:19","date_gmt":"2021-11-16T14:25:19","guid":{"rendered":"https:\/\/agora.xtec.cat\/escolacollserolacerdanyola\/?p=24931"},"modified":"2021-11-16T15:25:22","modified_gmt":"2021-11-16T14:25:22","slug":"fem-psicomotricitat","status":"publish","type":"post","link":"https:\/\/agora.xtec.cat\/escolacollserolacerdanyola\/ei3-ei4-ei5\/fem-psicomotricitat\/","title":{"rendered":"Fem psicomotricitat"},"content":{"rendered":"<p>Els superherois i les superhero\u00efnes estan encantats amb les sessions de psicomotricitat que fem dilluns a la tarda.<\/p>\n<p>S\u00f3n moments de connexi\u00f3 amb el moviment espontani amb materials i propostes ben engrescadores per grimpar, escalar, saltar i despr\u00e9s tornar a la calma relaxant-se.<\/p>\n<p>Us deixem un recull de fotografies d&#8217;algunes sessions. Que les gaudiu!<\/p>\n<p>&nbsp;<\/p>\n<p>&nbsp;<\/p>\n<p style=\"text-align: center\"><a href=\"https:\/\/agora.xtec.cat\/escolacollserolacerdanyola\/wp-content\/uploads\/usu1390\/2021\/11\/WhatsApp-Image-2021-11-12-at-10.50.45-AM-4.jpeg\"><img loading=\"lazy\" decoding=\"async\" class=\"alignnone size-medium wp-image-24935\" src=\"https:\/\/agora.xtec.cat\/escolacollserolacerdanyola\/wp-content\/uploads\/usu1390\/2021\/11\/WhatsApp-Image-2021-11-12-at-10.50.45-AM-4-224x300.jpeg\" alt=\"\" width=\"224\" height=\"300\" srcset=\"https:\/\/agora.xtec.cat\/escolacollserolacerdanyola\/wp-content\/uploads\/usu1390\/2021\/11\/WhatsApp-Image-2021-11-12-at-10.50.45-AM-4-224x300.jpeg 224w, https:\/\/agora.xtec.cat\/escolacollserolacerdanyola\/wp-content\/uploads\/usu1390\/2021\/11\/WhatsApp-Image-2021-11-12-at-10.50.45-AM-4-766x1024.jpeg 766w, https:\/\/agora.xtec.cat\/escolacollserolacerdanyola\/wp-content\/uploads\/usu1390\/2021\/11\/WhatsApp-Image-2021-11-12-at-10.50.45-AM-4-768x1027.jpeg 768w, https:\/\/agora.xtec.cat\/escolacollserolacerdanyola\/wp-content\/uploads\/usu1390\/2021\/11\/WhatsApp-Image-2021-11-12-at-10.50.45-AM-4-1149x1536.jpeg 1149w, https:\/\/agora.xtec.cat\/escolacollserolacerdanyola\/wp-content\/uploads\/usu1390\/2021\/11\/WhatsApp-Image-2021-11-12-at-10.50.45-AM-4.jpeg 1197w\" sizes=\"auto, (max-width: 224px) 100vw, 224px\" \/><\/a><\/p>\n<p>&nbsp;<\/p>\n<p style=\"text-align: center\"><a href=\"https:\/\/photos.app.goo.gl\/9huCjB3FwdjrL7FC9\">https:\/\/photos.app.goo.gl\/9huCjB3FwdjrL7FC9<\/a><\/p>\n","protected":false},"excerpt":{"rendered":"<p>Els superherois i les superhero\u00efnes estan encantats amb les sessions de psicomotricitat que fem dilluns a la tarda.<br \/>\nS\u00f3n moments de connexi\u00f3 amb el moviment espontani amb materials i propostes ben engrescadores per grimpar, escalar, saltar i despr\u00e9s tornar a la calma relaxant-se.<br \/>\nUs deixem un recull&hellip;  <a href=\"https:\/\/agora.xtec.cat\/escolacollserolacerdanyola\/ei3-ei4-ei5\/fem-psicomotricitat\/\" title=\"Read Fem psicomotricitat\">Llegeix m\u00e9s\u00bb<\/a><\/p>\n","protected":false},"author":6,"featured_media":24934,"comment_status":"open","ping_status":"closed","sticky":false,"template":"","format":"standard","meta":{"_bbp_topic_count":0,"_bbp_reply_count":0,"_bbp_total_topic_count":0,"_bbp_total_reply_count":0,"_bbp_voice_count":0,"_bbp_anonymous_reply_count":0,"_bbp_topic_count_hidden":0,"_bbp_reply_count_hidden":0,"_bbp_forum_subforum_count":0,"footnotes":""},"categories":[2,8],"tags":[],"class_list":["post-24931","post","type-post","status-publish","format-standard","has-post-thumbnail","hentry","category-ei3-ei4-ei5","category-ei4"],"post_mailing_queue_ids":[],"_links":{"self":[{"href":"https:\/\/agora.xtec.cat\/escolacollserolacerdanyola\/wp-json\/wp\/v2\/posts\/24931","targetHints":{"allow":["GET"]}}],"collection":[{"href":"https:\/\/agora.xtec.cat\/escolacollserolacerdanyola\/wp-json\/wp\/v2\/posts"}],"about":[{"href":"https:\/\/agora.xtec.cat\/escolacollserolacerdanyola\/wp-json\/wp\/v2\/types\/post"}],"author":[{"embeddable":true,"href":"https:\/\/agora.xtec.cat\/escolacollserolacerdanyola\/wp-json\/wp\/v2\/users\/6"}],"replies":[{"embeddable":true,"href":"https:\/\/agora.xtec.cat\/escolacollserolacerdanyola\/wp-json\/wp\/v2\/comments?post=24931"}],"version-history":[{"count":2,"href":"https:\/\/agora.xtec.cat\/escolacollserolacerdanyola\/wp-json\/wp\/v2\/posts\/24931\/revisions"}],"predecessor-version":[{"id":24936,"href":"https:\/\/agora.xtec.cat\/escolacollserolacerdanyola\/wp-json\/wp\/v2\/posts\/24931\/revisions\/24936"}],"wp:featuredmedia":[{"embeddable":true,"href":"https:\/\/agora.xtec.cat\/escolacollserolacerdanyola\/wp-json\/wp\/v2\/media\/24934"}],"wp:attachment":[{"href":"https:\/\/agora.xtec.cat\/escolacollserolacerdanyola\/wp-json\/wp\/v2\/media?parent=24931"}],"wp:term":[{"taxonomy":"category","embeddable":true,"href":"https:\/\/agora.xtec.cat\/escolacollserolacerdanyola\/wp-json\/wp\/v2\/categories?post=24931"},{"taxonomy":"post_tag","embeddable":true,"href":"https:\/\/agora.xtec.cat\/escolacollserolacerdanyola\/wp-json\/wp\/v2\/tags?post=24931"}],"curies":[{"name":"wp","href":"https:\/\/api.w.org\/{rel}","templated":true}]}}