{"id":24858,"date":"2021-11-02T19:46:53","date_gmt":"2021-11-02T18:46:53","guid":{"rendered":"https:\/\/agora.xtec.cat\/escolacollserolacerdanyola\/?p=24858"},"modified":"2021-11-02T19:46:53","modified_gmt":"2021-11-02T18:46:53","slug":"celebrem-la-festa-de-la-castanyada","status":"publish","type":"post","link":"https:\/\/agora.xtec.cat\/escolacollserolacerdanyola\/ei3-ei4-ei5\/ei4\/celebrem-la-festa-de-la-castanyada\/","title":{"rendered":"CELEBREM LA FESTA DE LA CASTANYADA"},"content":{"rendered":"<p>Benvingudes fam\u00edlies, el divendres 29 d\u2019octubre vam celebrar a l\u2019escola la Festa de la CASTANYADA i, com l\u2019any passat, ens va venir a visitar la nostra estimada: \u00a0la Maria la Castanyera. Va venir amb la seva camisa que li anava petita, amb la seva faldilla que li feia campana, \u00a0amb les seves sabates que li feien CLOC CLOC i amb un cistell ple de \u00a0castanyes torrades, que va compartir amb nosaltres!!<\/p>\n<p>Molt contents per la seva visita P3 li va ballar la can\u00e7\u00f3 \u201cM\u2019agrada la Tardor\u201d, P4 \u201cLa Rumba de les Castanyes\u201d i P5 \u201cLes Castanyes Peten Peten\u201d. Per acabar tots plegats vam \u00a0ballar la seva can\u00e7\u00f3 \u201cLa Castanyera\u201d. Ens ho vam passar d\u2019all\u00f2 m\u00e9s b\u00e9 i no us podeu ni imaginar la marxa que t\u00e9 la Castanyera que no va parar de ballar i fer gresca. Si mireu els v\u00eddeos i les fotos teniu una bona estona assegurada. VISCA LA CASTANYADA!!<\/p>\n<p style=\"text-align: center\">CLICA A LA FOTO I VEUR\u00c0S<\/p>\n<p><a href=\"https:\/\/photos.app.goo.gl\/YNkFSSR8BMir2cca8\"><img loading=\"lazy\" decoding=\"async\" class=\"aligncenter\" src=\"https:\/\/agora.xtec.cat\/escolacollserolacerdanyola\/wp-content\/uploads\/usu1390\/2021\/11\/IMG-20211029-WA0070.jpg\" width=\"152\" height=\"270\" \/><\/a><\/p>\n","protected":false},"excerpt":{"rendered":"<p>Benvingudes fam\u00edlies, el divendres 29 d\u2019octubre vam celebrar a l\u2019escola la Festa de la CASTANYADA i, com l\u2019any passat, ens va venir a visitar la nostra estimada: \u00a0la Maria la Castanyera. Va venir amb la seva camisa que li anava petita, amb la seva faldilla&hellip;  <a href=\"https:\/\/agora.xtec.cat\/escolacollserolacerdanyola\/ei3-ei4-ei5\/ei4\/celebrem-la-festa-de-la-castanyada\/\" title=\"Read CELEBREM LA FESTA DE LA CASTANYADA\">Llegeix m\u00e9s\u00bb<\/a><\/p>\n","protected":false},"author":6,"featured_media":24859,"comment_status":"open","ping_status":"closed","sticky":false,"template":"","format":"standard","meta":{"_bbp_topic_count":0,"_bbp_reply_count":0,"_bbp_total_topic_count":0,"_bbp_total_reply_count":0,"_bbp_voice_count":0,"_bbp_anonymous_reply_count":0,"_bbp_topic_count_hidden":0,"_bbp_reply_count_hidden":0,"_bbp_forum_subforum_count":0,"footnotes":""},"categories":[8,9],"tags":[],"class_list":["post-24858","post","type-post","status-publish","format-standard","has-post-thumbnail","hentry","category-ei4","category-ei5"],"post_mailing_queue_ids":[],"_links":{"self":[{"href":"https:\/\/agora.xtec.cat\/escolacollserolacerdanyola\/wp-json\/wp\/v2\/posts\/24858","targetHints":{"allow":["GET"]}}],"collection":[{"href":"https:\/\/agora.xtec.cat\/escolacollserolacerdanyola\/wp-json\/wp\/v2\/posts"}],"about":[{"href":"https:\/\/agora.xtec.cat\/escolacollserolacerdanyola\/wp-json\/wp\/v2\/types\/post"}],"author":[{"embeddable":true,"href":"https:\/\/agora.xtec.cat\/escolacollserolacerdanyola\/wp-json\/wp\/v2\/users\/6"}],"replies":[{"embeddable":true,"href":"https:\/\/agora.xtec.cat\/escolacollserolacerdanyola\/wp-json\/wp\/v2\/comments?post=24858"}],"version-history":[{"count":3,"href":"https:\/\/agora.xtec.cat\/escolacollserolacerdanyola\/wp-json\/wp\/v2\/posts\/24858\/revisions"}],"predecessor-version":[{"id":24862,"href":"https:\/\/agora.xtec.cat\/escolacollserolacerdanyola\/wp-json\/wp\/v2\/posts\/24858\/revisions\/24862"}],"wp:featuredmedia":[{"embeddable":true,"href":"https:\/\/agora.xtec.cat\/escolacollserolacerdanyola\/wp-json\/wp\/v2\/media\/24859"}],"wp:attachment":[{"href":"https:\/\/agora.xtec.cat\/escolacollserolacerdanyola\/wp-json\/wp\/v2\/media?parent=24858"}],"wp:term":[{"taxonomy":"category","embeddable":true,"href":"https:\/\/agora.xtec.cat\/escolacollserolacerdanyola\/wp-json\/wp\/v2\/categories?post=24858"},{"taxonomy":"post_tag","embeddable":true,"href":"https:\/\/agora.xtec.cat\/escolacollserolacerdanyola\/wp-json\/wp\/v2\/tags?post=24858"}],"curies":[{"name":"wp","href":"https:\/\/api.w.org\/{rel}","templated":true}]}}