{"id":24843,"date":"2021-11-01T09:07:27","date_gmt":"2021-11-01T08:07:27","guid":{"rendered":"https:\/\/agora.xtec.cat\/escolacollserolacerdanyola\/?p=24843"},"modified":"2021-11-05T11:50:20","modified_gmt":"2021-11-05T10:50:20","slug":"per-fi-halloween","status":"publish","type":"post","link":"https:\/\/agora.xtec.cat\/escolacollserolacerdanyola\/de-1r-a-6e\/6e\/per-fi-halloween\/","title":{"rendered":"6\u00e8 Per fi HALLOWEEN !!"},"content":{"rendered":"<p><a href=\"https:\/\/photos.app.goo.gl\/1oEnyaWNNomWgn2v8\">6\u00e8 Mat\u00ed de Halloween<\/a><\/p>\n<p><a href=\"https:\/\/photos.app.goo.gl\/9mhSwqJ4wUmLB2Jz7\">6\u00e8 Tarda de Halloween<\/a><\/p>\n<p><a href=\"https:\/\/youtu.be\/pP9SgbVzaOY\">V\u00eddeo 6\u00e8<\/a><\/p>\n<p class=\"western\" lang=\"ca-ES\" align=\"justify\"><span style=\"font-family: Verdana, serif\"><span style=\"font-size: medium\">Despr\u00e9s de setmanes preparant Halloween, dijous 28 i divendres 29 vam fer els nostres passes del T\u00fanel del Terror i dels dos Scape Room.<\/span><\/span><\/p>\n<p class=\"western\" lang=\"ca-ES\" align=\"justify\"><span style=\"font-family: Verdana, serif\"><span style=\"font-size: medium\">Tothom sabia el seu paper terror\u00edficament b\u00e9 i va ser un GRAN TREBALL EN EQUIP : des dels guies , que els rebien a l\u2019 entrada del t\u00fanel i els explicaven les normes i els hi deien que no estaven obligats a entrar, tot l\u2019equip d\u2019 actors i actrius , d\u2019 efectes especials, edici\u00f3 de v\u00eddeos, m\u00fasica, decorats i vestuari , tothom va estar a l\u2019 al\u00e7ada del Projecte que havien planificat.<\/span><\/span><\/p>\n<p class=\"western\" lang=\"ca-ES\" align=\"justify\"><span style=\"font-family: Verdana, serif\"><span style=\"font-size: medium\">Els nens i les nens de 4t i 5\u00e8 van opinar que s\u2019 ho havien passat molt b\u00e9, alguns amb m\u00e9s por que altres i fins i tot volien repetir&#8230;<\/span><\/span><\/p>\n<p class=\"western\" lang=\"ca-ES\" align=\"justify\"><span style=\"font-family: Verdana, serif\"><span style=\"font-size: medium\">Agra\u00efm a les mestres : Ana, In\u00e8s, Georgina i Laura la seva col\u00b7laboraci\u00f3 per la paci\u00e8ncia, els assajos i totes les idees que els van donar. Molt\u00edissimes gr\u00e0cies!!!<\/span><\/span><\/p>\n<p class=\"western\" lang=\"ca-ES\" align=\"justify\"><span style=\"font-family: Verdana, serif\"><span style=\"font-size: medium\">Aqu\u00ed uns deixem una mostra gr\u00e0fica de la Celebraci\u00f3 de Halloween a 6\u00e8: decoracions, esmorzar terror\u00edfic, t\u00fanel i scape room , disfresses i ball.<\/span><\/span><\/p>\n","protected":false},"excerpt":{"rendered":"<p><a href=\"https:\/\/photos.app.goo.gl\/1oEnyaWNNomWgn2v8\">6\u00e8 Mat\u00ed de Halloween<\/a><br \/>\n<a href=\"https:\/\/photos.app.goo.gl\/9mhSwqJ4wUmLB2Jz7\">6\u00e8 Tarda de Halloween<\/a><br \/>\n<a href=\"https:\/\/youtu.be\/pP9SgbVzaOY\">V\u00eddeo 6\u00e8<\/a><br \/>\nDespr\u00e9s de setmanes preparant Halloween, dijous 28 i divendres 29 vam fer els nostres passes del T\u00fanel del Terror i dels dos Scape Room.<br \/>\nTothom sabia el seu paper terror\u00edficament b\u00e9 i va ser un GRAN&hellip;  <a href=\"https:\/\/agora.xtec.cat\/escolacollserolacerdanyola\/de-1r-a-6e\/6e\/per-fi-halloween\/\" title=\"Read 6\u00e8 Per fi HALLOWEEN !!\">Llegeix m\u00e9s\u00bb<\/a><\/p>\n","protected":false},"author":9,"featured_media":24844,"comment_status":"open","ping_status":"closed","sticky":false,"template":"","format":"standard","meta":{"_bbp_topic_count":0,"_bbp_reply_count":0,"_bbp_total_topic_count":0,"_bbp_total_reply_count":0,"_bbp_voice_count":0,"_bbp_anonymous_reply_count":0,"_bbp_topic_count_hidden":0,"_bbp_reply_count_hidden":0,"_bbp_forum_subforum_count":0,"footnotes":""},"categories":[15],"tags":[],"class_list":["post-24843","post","type-post","status-publish","format-standard","has-post-thumbnail","hentry","category-6e"],"post_mailing_queue_ids":[],"_links":{"self":[{"href":"https:\/\/agora.xtec.cat\/escolacollserolacerdanyola\/wp-json\/wp\/v2\/posts\/24843","targetHints":{"allow":["GET"]}}],"collection":[{"href":"https:\/\/agora.xtec.cat\/escolacollserolacerdanyola\/wp-json\/wp\/v2\/posts"}],"about":[{"href":"https:\/\/agora.xtec.cat\/escolacollserolacerdanyola\/wp-json\/wp\/v2\/types\/post"}],"author":[{"embeddable":true,"href":"https:\/\/agora.xtec.cat\/escolacollserolacerdanyola\/wp-json\/wp\/v2\/users\/9"}],"replies":[{"embeddable":true,"href":"https:\/\/agora.xtec.cat\/escolacollserolacerdanyola\/wp-json\/wp\/v2\/comments?post=24843"}],"version-history":[{"count":3,"href":"https:\/\/agora.xtec.cat\/escolacollserolacerdanyola\/wp-json\/wp\/v2\/posts\/24843\/revisions"}],"predecessor-version":[{"id":24909,"href":"https:\/\/agora.xtec.cat\/escolacollserolacerdanyola\/wp-json\/wp\/v2\/posts\/24843\/revisions\/24909"}],"wp:featuredmedia":[{"embeddable":true,"href":"https:\/\/agora.xtec.cat\/escolacollserolacerdanyola\/wp-json\/wp\/v2\/media\/24844"}],"wp:attachment":[{"href":"https:\/\/agora.xtec.cat\/escolacollserolacerdanyola\/wp-json\/wp\/v2\/media?parent=24843"}],"wp:term":[{"taxonomy":"category","embeddable":true,"href":"https:\/\/agora.xtec.cat\/escolacollserolacerdanyola\/wp-json\/wp\/v2\/categories?post=24843"},{"taxonomy":"post_tag","embeddable":true,"href":"https:\/\/agora.xtec.cat\/escolacollserolacerdanyola\/wp-json\/wp\/v2\/tags?post=24843"}],"curies":[{"name":"wp","href":"https:\/\/api.w.org\/{rel}","templated":true}]}}