{"id":24840,"date":"2021-10-15T08:50:40","date_gmt":"2021-10-15T06:50:40","guid":{"rendered":"https:\/\/agora.xtec.cat\/escolacollserolacerdanyola\/?p=24840"},"modified":"2021-11-01T09:26:19","modified_gmt":"2021-11-01T08:26:19","slug":"6e-comencem-a-prepara-halloween","status":"publish","type":"post","link":"https:\/\/agora.xtec.cat\/escolacollserolacerdanyola\/de-1r-a-6e\/6e\/6e-comencem-a-prepara-halloween\/","title":{"rendered":"6\u00e8 Comencem a Preparar Halloween"},"content":{"rendered":"<p><a href=\"https:\/\/photos.app.goo.gl\/iLaQfkUtubNTVXMf8\">Comencem a preparar Halloween<\/a><\/p>\n<p class=\"western\" lang=\"ca-ES\" align=\"left\"><span style=\"font-family: Verdana, serif\"><span style=\"font-size: medium\">Ja fa dies que hem comen\u00e7at a preparar Halloween, aquesta \u00e9s una de les activitats m\u00e9s emblem\u00e0tiques del grup de 6\u00e8, junts s\u2019engresquen i es posen d\u2019acord i resultat \u00e9s un treball conjunt terror\u00edficament molt bo. <\/span><\/span><\/p>\n<p class=\"western\" lang=\"ca-ES\" align=\"left\"><span style=\"font-family: Verdana, serif\"><span style=\"font-size: medium\">Aquest curs ho preparen pels companys del cicle de grans( 4t., 5\u00e8. <\/span><\/span><span style=\"font-family: Verdana, serif\"><span style=\"font-size: medium\">i<\/span><\/span><span style=\"font-family: Verdana, serif\"><span style=\"font-size: medium\"> 6<\/span><\/span><sup><span style=\"font-family: Verdana, serif\"><span style=\"font-size: medium\">\u00e8<\/span><\/span><\/sup><span style=\"font-family: Verdana, serif\"><span style=\"font-size: medium\">). Entre d\u2019altres activitats: hem llegit textos en catal\u00e0 i en castell\u00e0 d\u2019hist\u00f2ries d\u2019intriga, de por, de misteri amb veu fluixeta, fent silencis i aprenent a crear misteri i expectaci\u00f3. Hem descrit ambients i hem treballat els adjectius. L\u2019 Ana i jo els hi hem explicat alguns cl\u00e0ssics del Collserola que han fet molta por i que en els grups que han marxat els ha deixat empremta. <\/span><\/span><\/p>\n<p class=\"western\" lang=\"ca-ES\" align=\"left\"><span style=\"font-family: Verdana, serif\"><span style=\"font-size: medium\">Com a NOVETAT, els nois i noies de 6\u00e8. faran per primera vegada un T\u00fanel del Terror i dos Scape Room&#8230; us deixem unes fotos de com ho estan treballant &#8230; i d\u2019aqu\u00ed a pocs dies ja veure el dia de l\u2019 estrena.<\/span><\/span><\/p>\n","protected":false},"excerpt":{"rendered":"<p><a href=\"https:\/\/photos.app.goo.gl\/iLaQfkUtubNTVXMf8\">Comencem a preparar Halloween<\/a><br \/>\nJa fa dies que hem comen\u00e7at a preparar Halloween, aquesta \u00e9s una de les activitats m\u00e9s emblem\u00e0tiques del grup de 6\u00e8, junts s\u2019engresquen i es posen d\u2019acord i resultat \u00e9s un treball conjunt terror\u00edficament molt bo.<br \/>\nAquest curs ho preparen pels&hellip;  <a href=\"https:\/\/agora.xtec.cat\/escolacollserolacerdanyola\/de-1r-a-6e\/6e\/6e-comencem-a-prepara-halloween\/\" title=\"Read 6\u00e8 Comencem a Preparar Halloween\">Llegeix m\u00e9s\u00bb<\/a><\/p>\n","protected":false},"author":9,"featured_media":24841,"comment_status":"open","ping_status":"closed","sticky":false,"template":"","format":"standard","meta":{"_bbp_topic_count":0,"_bbp_reply_count":0,"_bbp_total_topic_count":0,"_bbp_total_reply_count":0,"_bbp_voice_count":0,"_bbp_anonymous_reply_count":0,"_bbp_topic_count_hidden":0,"_bbp_reply_count_hidden":0,"_bbp_forum_subforum_count":0,"footnotes":""},"categories":[15],"tags":[],"class_list":["post-24840","post","type-post","status-publish","format-standard","has-post-thumbnail","hentry","category-6e"],"post_mailing_queue_ids":[],"_links":{"self":[{"href":"https:\/\/agora.xtec.cat\/escolacollserolacerdanyola\/wp-json\/wp\/v2\/posts\/24840","targetHints":{"allow":["GET"]}}],"collection":[{"href":"https:\/\/agora.xtec.cat\/escolacollserolacerdanyola\/wp-json\/wp\/v2\/posts"}],"about":[{"href":"https:\/\/agora.xtec.cat\/escolacollserolacerdanyola\/wp-json\/wp\/v2\/types\/post"}],"author":[{"embeddable":true,"href":"https:\/\/agora.xtec.cat\/escolacollserolacerdanyola\/wp-json\/wp\/v2\/users\/9"}],"replies":[{"embeddable":true,"href":"https:\/\/agora.xtec.cat\/escolacollserolacerdanyola\/wp-json\/wp\/v2\/comments?post=24840"}],"version-history":[{"count":3,"href":"https:\/\/agora.xtec.cat\/escolacollserolacerdanyola\/wp-json\/wp\/v2\/posts\/24840\/revisions"}],"predecessor-version":[{"id":24848,"href":"https:\/\/agora.xtec.cat\/escolacollserolacerdanyola\/wp-json\/wp\/v2\/posts\/24840\/revisions\/24848"}],"wp:featuredmedia":[{"embeddable":true,"href":"https:\/\/agora.xtec.cat\/escolacollserolacerdanyola\/wp-json\/wp\/v2\/media\/24841"}],"wp:attachment":[{"href":"https:\/\/agora.xtec.cat\/escolacollserolacerdanyola\/wp-json\/wp\/v2\/media?parent=24840"}],"wp:term":[{"taxonomy":"category","embeddable":true,"href":"https:\/\/agora.xtec.cat\/escolacollserolacerdanyola\/wp-json\/wp\/v2\/categories?post=24840"},{"taxonomy":"post_tag","embeddable":true,"href":"https:\/\/agora.xtec.cat\/escolacollserolacerdanyola\/wp-json\/wp\/v2\/tags?post=24840"}],"curies":[{"name":"wp","href":"https:\/\/api.w.org\/{rel}","templated":true}]}}