{"id":24832,"date":"2021-09-25T08:32:50","date_gmt":"2021-09-25T06:32:50","guid":{"rendered":"https:\/\/agora.xtec.cat\/escolacollserolacerdanyola\/?p=24832"},"modified":"2021-11-01T08:38:43","modified_gmt":"2021-11-01T07:38:43","slug":"6e-eleccions","status":"publish","type":"post","link":"https:\/\/agora.xtec.cat\/escolacollserolacerdanyola\/de-1r-a-6e\/6e\/6e-eleccions\/","title":{"rendered":"6\u00e8 Eleccions"},"content":{"rendered":"<p><a href=\"https:\/\/photos.app.goo.gl\/HCi6yVkgM14r6Z7j7\">6\u00e8 Eleccions delegats i delegades<\/a><\/p>\n<p class=\"western\" lang=\"ca-ES\" align=\"justify\"><span style=\"font-family: Verdana, serif\"><span style=\"font-size: medium\">Vam celebrar les nostres ja tradicionals Eleccions per a ser Delegades i Delegats, tot i ser el darrer curs a l\u2019 escola, la participaci\u00f3 va ser molt alta i van fer molt b\u00e9 les seves campanyes, amb power point, cartolines i explicant perqu\u00e8 volien ser els seus representants a l\u2019 Assemblea. Finalment, despr\u00e9s de les votacions , us presentem a la Delegada: Aitana i al Delegat: Biel G.<\/span><\/span><\/p>\n<p class=\"western\" lang=\"ca-ES\" align=\"justify\"><span style=\"font-family: Verdana, serif\"><span style=\"font-size: medium\">Ja v\u00e0rem celebrar la primera Assemblea del curs amb totes i tots els Delegats i ja tenim molta feina per endavant: Millorar l\u2019 exterior -patis , zones d\u2019 esbarjo&#8230;, Halloween, Festes i celebracions: Nadal, tema de les Jornades Culturals&#8230;<\/span><\/span><\/p>\n","protected":false},"excerpt":{"rendered":"<p><a href=\"https:\/\/photos.app.goo.gl\/HCi6yVkgM14r6Z7j7\">6\u00e8 Eleccions delegats i delegades<\/a><br \/>\nVam celebrar les nostres ja tradicionals Eleccions per a ser Delegades i Delegats, tot i ser el darrer curs a l\u2019 escola, la participaci\u00f3 va ser molt alta i van fer molt b\u00e9 les seves campanyes, amb power point, cartolines&hellip;  <a href=\"https:\/\/agora.xtec.cat\/escolacollserolacerdanyola\/de-1r-a-6e\/6e\/6e-eleccions\/\" title=\"Read 6\u00e8 Eleccions\">Llegeix m\u00e9s\u00bb<\/a><\/p>\n","protected":false},"author":9,"featured_media":24834,"comment_status":"open","ping_status":"closed","sticky":false,"template":"","format":"standard","meta":{"_bbp_topic_count":0,"_bbp_reply_count":0,"_bbp_total_topic_count":0,"_bbp_total_reply_count":0,"_bbp_voice_count":0,"_bbp_anonymous_reply_count":0,"_bbp_topic_count_hidden":0,"_bbp_reply_count_hidden":0,"_bbp_forum_subforum_count":0,"footnotes":""},"categories":[15],"tags":[],"class_list":["post-24832","post","type-post","status-publish","format-standard","has-post-thumbnail","hentry","category-6e"],"post_mailing_queue_ids":[],"_links":{"self":[{"href":"https:\/\/agora.xtec.cat\/escolacollserolacerdanyola\/wp-json\/wp\/v2\/posts\/24832","targetHints":{"allow":["GET"]}}],"collection":[{"href":"https:\/\/agora.xtec.cat\/escolacollserolacerdanyola\/wp-json\/wp\/v2\/posts"}],"about":[{"href":"https:\/\/agora.xtec.cat\/escolacollserolacerdanyola\/wp-json\/wp\/v2\/types\/post"}],"author":[{"embeddable":true,"href":"https:\/\/agora.xtec.cat\/escolacollserolacerdanyola\/wp-json\/wp\/v2\/users\/9"}],"replies":[{"embeddable":true,"href":"https:\/\/agora.xtec.cat\/escolacollserolacerdanyola\/wp-json\/wp\/v2\/comments?post=24832"}],"version-history":[{"count":1,"href":"https:\/\/agora.xtec.cat\/escolacollserolacerdanyola\/wp-json\/wp\/v2\/posts\/24832\/revisions"}],"predecessor-version":[{"id":24835,"href":"https:\/\/agora.xtec.cat\/escolacollserolacerdanyola\/wp-json\/wp\/v2\/posts\/24832\/revisions\/24835"}],"wp:featuredmedia":[{"embeddable":true,"href":"https:\/\/agora.xtec.cat\/escolacollserolacerdanyola\/wp-json\/wp\/v2\/media\/24834"}],"wp:attachment":[{"href":"https:\/\/agora.xtec.cat\/escolacollserolacerdanyola\/wp-json\/wp\/v2\/media?parent=24832"}],"wp:term":[{"taxonomy":"category","embeddable":true,"href":"https:\/\/agora.xtec.cat\/escolacollserolacerdanyola\/wp-json\/wp\/v2\/categories?post=24832"},{"taxonomy":"post_tag","embeddable":true,"href":"https:\/\/agora.xtec.cat\/escolacollserolacerdanyola\/wp-json\/wp\/v2\/tags?post=24832"}],"curies":[{"name":"wp","href":"https:\/\/api.w.org\/{rel}","templated":true}]}}