{"id":24825,"date":"2021-09-20T08:26:12","date_gmt":"2021-09-20T06:26:12","guid":{"rendered":"https:\/\/agora.xtec.cat\/escolacollserolacerdanyola\/?p=24825"},"modified":"2021-11-01T08:27:43","modified_gmt":"2021-11-01T07:27:43","slug":"6e-ens-retrobem","status":"publish","type":"post","link":"https:\/\/agora.xtec.cat\/escolacollserolacerdanyola\/de-1r-a-6e\/6e\/6e-ens-retrobem\/","title":{"rendered":"6\u00e8 Ens retrobem!!"},"content":{"rendered":"<p class=\"western\" lang=\"ca-ES\"><a href=\"https:\/\/photos.app.goo.gl\/xtUi93DzkJDhTxsEA\">Ens retrobem<\/a><\/p>\n<p class=\"western\" lang=\"ca-ES\" align=\"justify\"><span style=\"font-family: Verdana, serif\"><span style=\"font-size: medium\">Un nou curs comen\u00e7a \u2026 tothom espera a la porta de l\u2019 escola, expectant de retrobar-se amb les mestres, amb els amics i les amigues, amb els companys i companyes&#8230;<\/span><\/span><\/p>\n<p class=\"western\" lang=\"ca-ES\" align=\"justify\"><span style=\"font-family: Verdana, serif\"><span style=\"font-size: medium\">Se senten crits d\u2019 emoci\u00f3,\u2026 Ha passat tot un estiu i pel grup de 6\u00e8 \u00e9s un curs molt especial, ser\u00e0 el seu darrer a l\u2019 escola !!! Hi ha abra\u00e7ades i somriures, alg\u00fa pet\u00f3 i una sensaci\u00f3 estranya a les seves mirades.. aix\u00f2 que avui comen\u00e7a\u2026tamb\u00e9 s\u2019 acaba\u2026<\/span><\/span><\/p>\n<p class=\"western\" lang=\"ca-ES\" align=\"justify\"><span style=\"font-family: Verdana, serif\"><span style=\"font-size: medium\">Qui \u00e9s\u2026???? pregunten , tenim un nen nou , tornem a ser un gran grup, SOM 27, falta el Xavi, ha vingut en Luca Angelo, l\u2019 envolten i comencem a dir el seu nom : Lucaaaa, Lucaaa, el nostre company ve Romania i s\u2019 explica superb\u00e9 en angl\u00e8s, l\u2019 haurem de con\u00e8ixer i aprendre i compartir junts: a ell l\u2019hem d\u2019 ajudar amb el catal\u00e0 i d\u2019 ell aprendrem molt d\u2019 angl\u00e8s&#8230; SER\u00c0 FANT\u00c0STIC !!!<\/span><\/span><\/p>\n","protected":false},"excerpt":{"rendered":"<p><a href=\"https:\/\/photos.app.goo.gl\/xtUi93DzkJDhTxsEA\">Ens retrobem<\/a><br \/>\nUn nou curs comen\u00e7a \u2026 tothom espera a la porta de l\u2019 escola, expectant de retrobar-se amb les mestres, amb els amics i les amigues, amb els companys i companyes&#8230;<br \/>\nSe senten crits d\u2019 emoci\u00f3,\u2026 Ha passat tot un estiu i pel grup de&hellip;  <a href=\"https:\/\/agora.xtec.cat\/escolacollserolacerdanyola\/de-1r-a-6e\/6e\/6e-ens-retrobem\/\" title=\"Read 6\u00e8 Ens retrobem!!\">Llegeix m\u00e9s\u00bb<\/a><\/p>\n","protected":false},"author":9,"featured_media":24827,"comment_status":"open","ping_status":"closed","sticky":false,"template":"","format":"standard","meta":{"_bbp_topic_count":0,"_bbp_reply_count":0,"_bbp_total_topic_count":0,"_bbp_total_reply_count":0,"_bbp_voice_count":0,"_bbp_anonymous_reply_count":0,"_bbp_topic_count_hidden":0,"_bbp_reply_count_hidden":0,"_bbp_forum_subforum_count":0,"footnotes":""},"categories":[15],"tags":[],"class_list":["post-24825","post","type-post","status-publish","format-standard","has-post-thumbnail","hentry","category-6e"],"post_mailing_queue_ids":[],"_links":{"self":[{"href":"https:\/\/agora.xtec.cat\/escolacollserolacerdanyola\/wp-json\/wp\/v2\/posts\/24825","targetHints":{"allow":["GET"]}}],"collection":[{"href":"https:\/\/agora.xtec.cat\/escolacollserolacerdanyola\/wp-json\/wp\/v2\/posts"}],"about":[{"href":"https:\/\/agora.xtec.cat\/escolacollserolacerdanyola\/wp-json\/wp\/v2\/types\/post"}],"author":[{"embeddable":true,"href":"https:\/\/agora.xtec.cat\/escolacollserolacerdanyola\/wp-json\/wp\/v2\/users\/9"}],"replies":[{"embeddable":true,"href":"https:\/\/agora.xtec.cat\/escolacollserolacerdanyola\/wp-json\/wp\/v2\/comments?post=24825"}],"version-history":[{"count":1,"href":"https:\/\/agora.xtec.cat\/escolacollserolacerdanyola\/wp-json\/wp\/v2\/posts\/24825\/revisions"}],"predecessor-version":[{"id":24828,"href":"https:\/\/agora.xtec.cat\/escolacollserolacerdanyola\/wp-json\/wp\/v2\/posts\/24825\/revisions\/24828"}],"wp:featuredmedia":[{"embeddable":true,"href":"https:\/\/agora.xtec.cat\/escolacollserolacerdanyola\/wp-json\/wp\/v2\/media\/24827"}],"wp:attachment":[{"href":"https:\/\/agora.xtec.cat\/escolacollserolacerdanyola\/wp-json\/wp\/v2\/media?parent=24825"}],"wp:term":[{"taxonomy":"category","embeddable":true,"href":"https:\/\/agora.xtec.cat\/escolacollserolacerdanyola\/wp-json\/wp\/v2\/categories?post=24825"},{"taxonomy":"post_tag","embeddable":true,"href":"https:\/\/agora.xtec.cat\/escolacollserolacerdanyola\/wp-json\/wp\/v2\/tags?post=24825"}],"curies":[{"name":"wp","href":"https:\/\/api.w.org\/{rel}","templated":true}]}}