{"id":24819,"date":"2021-10-31T15:01:23","date_gmt":"2021-10-31T14:01:23","guid":{"rendered":"https:\/\/agora.xtec.cat\/escolacollserolacerdanyola\/?p=24819"},"modified":"2021-10-31T15:01:23","modified_gmt":"2021-10-31T14:01:23","slug":"la-castanyada-2021","status":"publish","type":"post","link":"https:\/\/agora.xtec.cat\/escolacollserolacerdanyola\/ei3-ei4-ei5\/ei3\/la-castanyada-2021\/","title":{"rendered":"LA CASTANYADA 2021"},"content":{"rendered":"<p>Benvolgudes fam\u00edlies,<\/p>\n<p>El divendres, la classe dels Colors, van celebrar la Castanyada a l&#8217;escola.<\/p>\n<p>Al mat\u00ed van esmorzar els panellets que els Colors van fer el dimecres. Ten\u00eden molt bona pinta i han pogut comprovar que els hi van quedar bon\u00edssims i se&#8217;ls han menjat tots.<\/p>\n<p>Els ingedients i la recepta dels panellets:<\/p>\n<ul>\n<li>500gr d&#8217;ametlla molta.<\/li>\n<li>500gr de sucre<\/li>\n<li>200 gr de patata bullida<\/li>\n<li>Coco, xocolata, ametlla i pinyos per decorar<\/li>\n<\/ul>\n<p><a href=\"https:\/\/photos.app.goo.gl\/ekxPfNmWBka6XXyQ7\"><img loading=\"lazy\" decoding=\"async\" class=\"size-medium wp-image-24820 aligncenter\" src=\"https:\/\/agora.xtec.cat\/escolacollserolacerdanyola\/wp-content\/uploads\/usu1390\/2021\/10\/FEM-PANELLETS-300x225.jpg\" alt=\"\" width=\"300\" height=\"225\" srcset=\"https:\/\/agora.xtec.cat\/escolacollserolacerdanyola\/wp-content\/uploads\/usu1390\/2021\/10\/FEM-PANELLETS-300x225.jpg 300w, https:\/\/agora.xtec.cat\/escolacollserolacerdanyola\/wp-content\/uploads\/usu1390\/2021\/10\/FEM-PANELLETS-1024x768.jpg 1024w, https:\/\/agora.xtec.cat\/escolacollserolacerdanyola\/wp-content\/uploads\/usu1390\/2021\/10\/FEM-PANELLETS-768x576.jpg 768w, https:\/\/agora.xtec.cat\/escolacollserolacerdanyola\/wp-content\/uploads\/usu1390\/2021\/10\/FEM-PANELLETS-1536x1152.jpg 1536w, https:\/\/agora.xtec.cat\/escolacollserolacerdanyola\/wp-content\/uploads\/usu1390\/2021\/10\/FEM-PANELLETS-2048x1536.jpg 2048w, https:\/\/agora.xtec.cat\/escolacollserolacerdanyola\/wp-content\/uploads\/usu1390\/2021\/10\/FEM-PANELLETS-200x150.jpg 200w\" sizes=\"auto, (max-width: 300px) 100vw, 300px\" \/><\/a><\/p>\n<p style=\"text-align: center\">Cliqueu la foto per veure les fotos<\/p>\n<p>Els colors han barrejat els ingredients fent una massa, que despr\u00e9s s&#8217;ha repartit un trocet a cada nen\/a de la classe, i han fet boletes per despr\u00e9s decorar-los amb el que m\u00e9s els hi ha agradat. L&#8217;hem posat al forn i llestos per menjar.<\/p>\n<p><a href=\"https:\/\/photos.app.goo.gl\/DFVCMdrFg8nau6P38\"><img loading=\"lazy\" decoding=\"async\" class=\"size-medium wp-image-24821 aligncenter\" src=\"https:\/\/agora.xtec.cat\/escolacollserolacerdanyola\/wp-content\/uploads\/usu1390\/2021\/10\/CASTANYERA-300x169.jpg\" alt=\"\" width=\"300\" height=\"169\" srcset=\"https:\/\/agora.xtec.cat\/escolacollserolacerdanyola\/wp-content\/uploads\/usu1390\/2021\/10\/CASTANYERA-300x169.jpg 300w, https:\/\/agora.xtec.cat\/escolacollserolacerdanyola\/wp-content\/uploads\/usu1390\/2021\/10\/CASTANYERA-1024x576.jpg 1024w, https:\/\/agora.xtec.cat\/escolacollserolacerdanyola\/wp-content\/uploads\/usu1390\/2021\/10\/CASTANYERA-768x432.jpg 768w, https:\/\/agora.xtec.cat\/escolacollserolacerdanyola\/wp-content\/uploads\/usu1390\/2021\/10\/CASTANYERA-1536x864.jpg 1536w, https:\/\/agora.xtec.cat\/escolacollserolacerdanyola\/wp-content\/uploads\/usu1390\/2021\/10\/CASTANYERA.jpg 2048w\" sizes=\"auto, (max-width: 300px) 100vw, 300px\" \/><\/a><\/p>\n<p style=\"text-align: center\">Clica a sobre de la fotografia<\/p>\n<p>A la tarda ens ha fet una visita la Maria Castanyera, per ensenyar-li el nostre ball que hem assajat de &#8220;M&#8217;agrada la tardor&#8221; , tamb\u00e9 hem ballat amb ella la can\u00e7\u00f3 de &#8220;la Castanyera&#8221; . La Maria Castanyera ens ha portat paperines amb unes quantes castanyes que les hem menjat al pati escoltant m\u00fasica.<\/p>\n<p>Espero que us agradi.<\/p>\n<p>Salutacions<\/p>\n<p>Pili<\/p>\n<p>&nbsp;<\/p>\n","protected":false},"excerpt":{"rendered":"<p>Benvolgudes fam\u00edlies,<br \/>\nEl divendres, la classe dels Colors, van celebrar la Castanyada a l&#8217;escola.<br \/>\nAl mat\u00ed van esmorzar els panellets que els Colors van fer el dimecres. Ten\u00eden molt bona pinta i han pogut comprovar que els hi van quedar bon\u00edssims i se&#8217;ls han menjat tots.<br \/>\nEls ingedients&hellip;  <a href=\"https:\/\/agora.xtec.cat\/escolacollserolacerdanyola\/ei3-ei4-ei5\/ei3\/la-castanyada-2021\/\" title=\"Read LA CASTANYADA 2021\">Llegeix m\u00e9s\u00bb<\/a><\/p>\n","protected":false},"author":6,"featured_media":24820,"comment_status":"open","ping_status":"closed","sticky":false,"template":"","format":"standard","meta":{"_bbp_topic_count":0,"_bbp_reply_count":0,"_bbp_total_topic_count":0,"_bbp_total_reply_count":0,"_bbp_voice_count":0,"_bbp_anonymous_reply_count":0,"_bbp_topic_count_hidden":0,"_bbp_reply_count_hidden":0,"_bbp_forum_subforum_count":0,"footnotes":""},"categories":[3],"tags":[],"class_list":["post-24819","post","type-post","status-publish","format-standard","has-post-thumbnail","hentry","category-ei3"],"post_mailing_queue_ids":[],"_links":{"self":[{"href":"https:\/\/agora.xtec.cat\/escolacollserolacerdanyola\/wp-json\/wp\/v2\/posts\/24819","targetHints":{"allow":["GET"]}}],"collection":[{"href":"https:\/\/agora.xtec.cat\/escolacollserolacerdanyola\/wp-json\/wp\/v2\/posts"}],"about":[{"href":"https:\/\/agora.xtec.cat\/escolacollserolacerdanyola\/wp-json\/wp\/v2\/types\/post"}],"author":[{"embeddable":true,"href":"https:\/\/agora.xtec.cat\/escolacollserolacerdanyola\/wp-json\/wp\/v2\/users\/6"}],"replies":[{"embeddable":true,"href":"https:\/\/agora.xtec.cat\/escolacollserolacerdanyola\/wp-json\/wp\/v2\/comments?post=24819"}],"version-history":[{"count":1,"href":"https:\/\/agora.xtec.cat\/escolacollserolacerdanyola\/wp-json\/wp\/v2\/posts\/24819\/revisions"}],"predecessor-version":[{"id":24822,"href":"https:\/\/agora.xtec.cat\/escolacollserolacerdanyola\/wp-json\/wp\/v2\/posts\/24819\/revisions\/24822"}],"wp:featuredmedia":[{"embeddable":true,"href":"https:\/\/agora.xtec.cat\/escolacollserolacerdanyola\/wp-json\/wp\/v2\/media\/24820"}],"wp:attachment":[{"href":"https:\/\/agora.xtec.cat\/escolacollserolacerdanyola\/wp-json\/wp\/v2\/media?parent=24819"}],"wp:term":[{"taxonomy":"category","embeddable":true,"href":"https:\/\/agora.xtec.cat\/escolacollserolacerdanyola\/wp-json\/wp\/v2\/categories?post=24819"},{"taxonomy":"post_tag","embeddable":true,"href":"https:\/\/agora.xtec.cat\/escolacollserolacerdanyola\/wp-json\/wp\/v2\/tags?post=24819"}],"curies":[{"name":"wp","href":"https:\/\/api.w.org\/{rel}","templated":true}]}}