{"id":24815,"date":"2021-11-01T18:49:15","date_gmt":"2021-11-01T17:49:15","guid":{"rendered":"https:\/\/agora.xtec.cat\/escolacollserolacerdanyola\/?p=24815"},"modified":"2021-10-29T19:04:17","modified_gmt":"2021-10-29T17:04:17","slug":"treballem-a-lhort-4t","status":"publish","type":"post","link":"https:\/\/agora.xtec.cat\/escolacollserolacerdanyola\/portadageneral\/treballem-a-lhort-4t\/","title":{"rendered":"Treballem a l&#8217;hort. 4t"},"content":{"rendered":"<p>Aquestes primeres setmanes de curs, les i els alumnes de 4t hem aprofitat alguns dies de bon temps \ud83c\udf1e per anar a treballar a l&#8217;hort. Per comen\u00e7ar hem fet un treball de preparaci\u00f3 de l&#8217;espai, traient males herbes i remenant la terra que estava molt dura i seca despr\u00e8s de tot l&#8217;estiu. Gr\u00e0cies a aquesta feina podrem comen\u00e7ar a plantar tot d&#8217;hortalisses de temporada i estudiar i observar el seu creixement \ud83c\udf31, observar altres plantes que creixen, els animals que hi viuen \ud83d\udc0c\ud83d\udc1b\ud83d\udc1e&#8230;<\/p>\n<p>Aqu\u00ed teniu un petit recull de fotos d&#8217;aquests primers dies.<\/p>\n<p><a href=\"https:\/\/photos.app.goo.gl\/aiijRSYDz3xAy4zHA\">Primers dies de treball a l&#8217;hort<\/a><\/p>\n<p>&nbsp;<\/p>\n","protected":false},"excerpt":{"rendered":"<p>Aquestes primeres setmanes de curs, les i els alumnes de 4t hem aprofitat alguns dies de bon temps \ud83c\udf1e per anar a treballar a l&#8217;hort. Per comen\u00e7ar hem fet un treball de preparaci\u00f3 de l&#8217;espai, traient males herbes i remenant la terra que estava molt&hellip;  <a href=\"https:\/\/agora.xtec.cat\/escolacollserolacerdanyola\/portadageneral\/treballem-a-lhort-4t\/\" title=\"Read Treballem a l&#8217;hort. 4t\">Llegeix m\u00e9s\u00bb<\/a><\/p>\n","protected":false},"author":9,"featured_media":24816,"comment_status":"open","ping_status":"closed","sticky":false,"template":"","format":"standard","meta":{"_bbp_topic_count":0,"_bbp_reply_count":0,"_bbp_total_topic_count":0,"_bbp_total_reply_count":0,"_bbp_voice_count":0,"_bbp_anonymous_reply_count":0,"_bbp_topic_count_hidden":0,"_bbp_reply_count_hidden":0,"_bbp_forum_subforum_count":0,"footnotes":""},"categories":[13,325,1],"tags":[],"class_list":["post-24815","post","type-post","status-publish","format-standard","has-post-thumbnail","hentry","category-4t","category-hort-comissions","category-portadageneral"],"post_mailing_queue_ids":[],"_links":{"self":[{"href":"https:\/\/agora.xtec.cat\/escolacollserolacerdanyola\/wp-json\/wp\/v2\/posts\/24815","targetHints":{"allow":["GET"]}}],"collection":[{"href":"https:\/\/agora.xtec.cat\/escolacollserolacerdanyola\/wp-json\/wp\/v2\/posts"}],"about":[{"href":"https:\/\/agora.xtec.cat\/escolacollserolacerdanyola\/wp-json\/wp\/v2\/types\/post"}],"author":[{"embeddable":true,"href":"https:\/\/agora.xtec.cat\/escolacollserolacerdanyola\/wp-json\/wp\/v2\/users\/9"}],"replies":[{"embeddable":true,"href":"https:\/\/agora.xtec.cat\/escolacollserolacerdanyola\/wp-json\/wp\/v2\/comments?post=24815"}],"version-history":[{"count":1,"href":"https:\/\/agora.xtec.cat\/escolacollserolacerdanyola\/wp-json\/wp\/v2\/posts\/24815\/revisions"}],"predecessor-version":[{"id":24817,"href":"https:\/\/agora.xtec.cat\/escolacollserolacerdanyola\/wp-json\/wp\/v2\/posts\/24815\/revisions\/24817"}],"wp:featuredmedia":[{"embeddable":true,"href":"https:\/\/agora.xtec.cat\/escolacollserolacerdanyola\/wp-json\/wp\/v2\/media\/24816"}],"wp:attachment":[{"href":"https:\/\/agora.xtec.cat\/escolacollserolacerdanyola\/wp-json\/wp\/v2\/media?parent=24815"}],"wp:term":[{"taxonomy":"category","embeddable":true,"href":"https:\/\/agora.xtec.cat\/escolacollserolacerdanyola\/wp-json\/wp\/v2\/categories?post=24815"},{"taxonomy":"post_tag","embeddable":true,"href":"https:\/\/agora.xtec.cat\/escolacollserolacerdanyola\/wp-json\/wp\/v2\/tags?post=24815"}],"curies":[{"name":"wp","href":"https:\/\/api.w.org\/{rel}","templated":true}]}}