{"id":24797,"date":"2021-10-26T23:29:45","date_gmt":"2021-10-26T21:29:45","guid":{"rendered":"https:\/\/agora.xtec.cat\/escolacollserolacerdanyola\/?p=24797"},"modified":"2022-01-11T14:20:45","modified_gmt":"2022-01-11T13:20:45","slug":"sortida-a-la-vall-de-les-feixes","status":"publish","type":"post","link":"https:\/\/agora.xtec.cat\/escolacollserolacerdanyola\/portadageneral\/sortida-a-la-vall-de-les-feixes\/","title":{"rendered":"5\u00e8. Sortida a la vall de les Feixes"},"content":{"rendered":"<p>Aqu\u00ed trobareu l&#8217;\u00e0lbum de fotos que van fer els nens i nenes de cinqu\u00e8 durant la sortida a la vall de les Feixes, on vam poder passejar per Collserola i visitar l&#8217;esgl\u00e9sia de Sant Iscle. Vam aprofitar i vam dinar de p\u00edcnic pel parc, proper a la riera. Va ser un gran dia, ens vam divertir i vam tornar for\u00e7a cansats i cansades!<\/p>\n<p><a href=\"https:\/\/photos.app.goo.gl\/YzSLeDykc2qSNrYW8\">Sortida vall de les Feixes<\/a><\/p>\n","protected":false},"excerpt":{"rendered":"<p>Aqu\u00ed trobareu l&#8217;\u00e0lbum de fotos que van fer els nens i nenes de cinqu\u00e8 durant la sortida a la vall de les Feixes, on vam poder passejar per Collserola i visitar l&#8217;esgl\u00e9sia de Sant Iscle. Vam aprofitar i vam dinar de p\u00edcnic pel parc, proper&hellip;  <a href=\"https:\/\/agora.xtec.cat\/escolacollserolacerdanyola\/portadageneral\/sortida-a-la-vall-de-les-feixes\/\" title=\"Read 5\u00e8. Sortida a la vall de les Feixes\">Llegeix m\u00e9s\u00bb<\/a><\/p>\n","protected":false},"author":9,"featured_media":24799,"comment_status":"open","ping_status":"closed","sticky":false,"template":"","format":"standard","meta":{"_bbp_topic_count":0,"_bbp_reply_count":0,"_bbp_total_topic_count":0,"_bbp_total_reply_count":0,"_bbp_voice_count":0,"_bbp_anonymous_reply_count":0,"_bbp_topic_count_hidden":0,"_bbp_reply_count_hidden":0,"_bbp_forum_subforum_count":0,"footnotes":""},"categories":[14,86,1],"tags":[],"class_list":["post-24797","post","type-post","status-publish","format-standard","has-post-thumbnail","hentry","category-5e","category-grans","category-portadageneral"],"post_mailing_queue_ids":[],"_links":{"self":[{"href":"https:\/\/agora.xtec.cat\/escolacollserolacerdanyola\/wp-json\/wp\/v2\/posts\/24797","targetHints":{"allow":["GET"]}}],"collection":[{"href":"https:\/\/agora.xtec.cat\/escolacollserolacerdanyola\/wp-json\/wp\/v2\/posts"}],"about":[{"href":"https:\/\/agora.xtec.cat\/escolacollserolacerdanyola\/wp-json\/wp\/v2\/types\/post"}],"author":[{"embeddable":true,"href":"https:\/\/agora.xtec.cat\/escolacollserolacerdanyola\/wp-json\/wp\/v2\/users\/9"}],"replies":[{"embeddable":true,"href":"https:\/\/agora.xtec.cat\/escolacollserolacerdanyola\/wp-json\/wp\/v2\/comments?post=24797"}],"version-history":[{"count":3,"href":"https:\/\/agora.xtec.cat\/escolacollserolacerdanyola\/wp-json\/wp\/v2\/posts\/24797\/revisions"}],"predecessor-version":[{"id":25153,"href":"https:\/\/agora.xtec.cat\/escolacollserolacerdanyola\/wp-json\/wp\/v2\/posts\/24797\/revisions\/25153"}],"wp:featuredmedia":[{"embeddable":true,"href":"https:\/\/agora.xtec.cat\/escolacollserolacerdanyola\/wp-json\/wp\/v2\/media\/24799"}],"wp:attachment":[{"href":"https:\/\/agora.xtec.cat\/escolacollserolacerdanyola\/wp-json\/wp\/v2\/media?parent=24797"}],"wp:term":[{"taxonomy":"category","embeddable":true,"href":"https:\/\/agora.xtec.cat\/escolacollserolacerdanyola\/wp-json\/wp\/v2\/categories?post=24797"},{"taxonomy":"post_tag","embeddable":true,"href":"https:\/\/agora.xtec.cat\/escolacollserolacerdanyola\/wp-json\/wp\/v2\/tags?post=24797"}],"curies":[{"name":"wp","href":"https:\/\/api.w.org\/{rel}","templated":true}]}}