{"id":24707,"date":"2021-10-07T16:04:53","date_gmt":"2021-10-07T14:04:53","guid":{"rendered":"https:\/\/agora.xtec.cat\/escolacollserolacerdanyola\/?p=24707"},"modified":"2023-11-07T09:23:53","modified_gmt":"2023-11-07T08:23:53","slug":"constitucio-assemblea-delegats-i-delegades","status":"publish","type":"post","link":"https:\/\/agora.xtec.cat\/escolacollserolacerdanyola\/portadageneral\/constitucio-assemblea-delegats-i-delegades\/","title":{"rendered":"CONSTITUCI\u00d3 ASSEMBLEA DELEGATS I DELEGADES"},"content":{"rendered":"<h4><strong>Tal i com fem cada curs, ja hem constitu\u00eft l&#8217;assemblea amb els i les representats de cada curs de prim\u00e0ria.\u00a0<\/strong><\/h4>\n<h4><strong>Us presentem tamb\u00e9 en aquest article els noms que ha triat cada classe per engegar el primer projecte del curs.<\/strong><\/h4>\n<p><a href=\"https:\/\/agora.xtec.cat\/escolacollserolacerdanyola\/wp-content\/uploads\/usu1390\/2021\/10\/noms-classes-21-22.png\"><img loading=\"lazy\" decoding=\"async\" class=\"alignnone size-medium wp-image-24708\" src=\"https:\/\/agora.xtec.cat\/escolacollserolacerdanyola\/wp-content\/uploads\/usu1390\/2021\/10\/noms-classes-21-22-300x214.png\" alt=\"\" width=\"300\" height=\"214\" srcset=\"https:\/\/agora.xtec.cat\/escolacollserolacerdanyola\/wp-content\/uploads\/usu1390\/2021\/10\/noms-classes-21-22-300x214.png 300w, https:\/\/agora.xtec.cat\/escolacollserolacerdanyola\/wp-content\/uploads\/usu1390\/2021\/10\/noms-classes-21-22.png 563w\" sizes=\"auto, (max-width: 300px) 100vw, 300px\" \/><\/a><a href=\"https:\/\/agora.xtec.cat\/escolacollserolacerdanyola\/wp-content\/uploads\/usu1390\/2021\/10\/noms-delegats-21-22.png\"><img loading=\"lazy\" decoding=\"async\" class=\"alignnone size-medium wp-image-24709\" src=\"https:\/\/agora.xtec.cat\/escolacollserolacerdanyola\/wp-content\/uploads\/usu1390\/2021\/10\/noms-delegats-21-22-300x212.png\" alt=\"\" width=\"300\" height=\"212\" srcset=\"https:\/\/agora.xtec.cat\/escolacollserolacerdanyola\/wp-content\/uploads\/usu1390\/2021\/10\/noms-delegats-21-22-300x212.png 300w, https:\/\/agora.xtec.cat\/escolacollserolacerdanyola\/wp-content\/uploads\/usu1390\/2021\/10\/noms-delegats-21-22.png 565w\" sizes=\"auto, (max-width: 300px) 100vw, 300px\" \/><\/a><\/p>\n","protected":false},"excerpt":{"rendered":"<p>Tal i com fem cada curs, ja hem constitu\u00eft l&#8217;assemblea amb els i les representats de cada curs de prim\u00e0ria.\u00a0<br \/>\nUs presentem tamb\u00e9 en aquest article els noms que ha triat cada classe per engegar el primer projecte del curs.<br \/>\n<a href=\"https:\/\/agora.xtec.cat\/escolacollserolacerdanyola\/wp-content\/uploads\/usu1390\/2021\/10\/noms-classes-21-22.png\"><\/a><a href=\"https:\/\/agora.xtec.cat\/escolacollserolacerdanyola\/wp-content\/uploads\/usu1390\/2021\/10\/noms-delegats-21-22.png\"><\/a><\/p>\n","protected":false},"author":1,"featured_media":24708,"comment_status":"closed","ping_status":"closed","sticky":false,"template":"","format":"standard","meta":{"_bbp_topic_count":0,"_bbp_reply_count":0,"_bbp_total_topic_count":0,"_bbp_total_reply_count":0,"_bbp_voice_count":0,"_bbp_anonymous_reply_count":0,"_bbp_topic_count_hidden":0,"_bbp_reply_count_hidden":0,"_bbp_forum_subforum_count":0,"footnotes":""},"categories":[95,1,4],"tags":[],"class_list":["post-24707","post","type-post","status-publish","format-standard","has-post-thumbnail","hentry","category-noticies","category-portadageneral","category-portada"],"post_mailing_queue_ids":[],"_links":{"self":[{"href":"https:\/\/agora.xtec.cat\/escolacollserolacerdanyola\/wp-json\/wp\/v2\/posts\/24707","targetHints":{"allow":["GET"]}}],"collection":[{"href":"https:\/\/agora.xtec.cat\/escolacollserolacerdanyola\/wp-json\/wp\/v2\/posts"}],"about":[{"href":"https:\/\/agora.xtec.cat\/escolacollserolacerdanyola\/wp-json\/wp\/v2\/types\/post"}],"author":[{"embeddable":true,"href":"https:\/\/agora.xtec.cat\/escolacollserolacerdanyola\/wp-json\/wp\/v2\/users\/1"}],"replies":[{"embeddable":true,"href":"https:\/\/agora.xtec.cat\/escolacollserolacerdanyola\/wp-json\/wp\/v2\/comments?post=24707"}],"version-history":[{"count":3,"href":"https:\/\/agora.xtec.cat\/escolacollserolacerdanyola\/wp-json\/wp\/v2\/posts\/24707\/revisions"}],"predecessor-version":[{"id":24724,"href":"https:\/\/agora.xtec.cat\/escolacollserolacerdanyola\/wp-json\/wp\/v2\/posts\/24707\/revisions\/24724"}],"wp:featuredmedia":[{"embeddable":true,"href":"https:\/\/agora.xtec.cat\/escolacollserolacerdanyola\/wp-json\/wp\/v2\/media\/24708"}],"wp:attachment":[{"href":"https:\/\/agora.xtec.cat\/escolacollserolacerdanyola\/wp-json\/wp\/v2\/media?parent=24707"}],"wp:term":[{"taxonomy":"category","embeddable":true,"href":"https:\/\/agora.xtec.cat\/escolacollserolacerdanyola\/wp-json\/wp\/v2\/categories?post=24707"},{"taxonomy":"post_tag","embeddable":true,"href":"https:\/\/agora.xtec.cat\/escolacollserolacerdanyola\/wp-json\/wp\/v2\/tags?post=24707"}],"curies":[{"name":"wp","href":"https:\/\/api.w.org\/{rel}","templated":true}]}}