{"id":24659,"date":"2021-09-13T15:47:28","date_gmt":"2021-09-13T13:47:28","guid":{"rendered":"https:\/\/agora.xtec.cat\/escolacollserolacerdanyola\/?p=24659"},"modified":"2021-09-13T15:47:28","modified_gmt":"2021-09-13T13:47:28","slug":"comencem","status":"publish","type":"post","link":"https:\/\/agora.xtec.cat\/escolacollserolacerdanyola\/portadageneral\/comencem\/","title":{"rendered":"COMENCEM!!!"},"content":{"rendered":"<p>Iniciem el curs 21-22!!! Qu\u00e8 r\u00e0pid ha passat l&#8217;estiu i quanta energia hem carregat per poder aprendre, jugar, divertir-nos, llegir, escoltar&#8230; i un mili\u00f3 de coses m\u00e9s. Com sempre, restem a la vostra disposici\u00f3 per qualsevol dubte, neguit o consulta que tingueu.<\/p>\n<p><img loading=\"lazy\" decoding=\"async\" class=\"aligncenter\" src=\"https:\/\/agora.xtec.cat\/escolacollserolacerdanyola\/wp-content\/uploads\/usu1390\/2021\/09\/Benvinguda-al-curs-21-22.jpg\" width=\"309\" height=\"437\" \/><\/p>\n","protected":false},"excerpt":{"rendered":"<p>Iniciem el curs 21-22!!! Qu\u00e8 r\u00e0pid ha passat l&#8217;estiu i quanta energia hem carregat per poder aprendre, jugar, divertir-nos, llegir, escoltar&#8230; i un mili\u00f3 de coses m\u00e9s. Com sempre, restem a la vostra disposici\u00f3 per qualsevol dubte, neguit o consulta que tingueu.<\/p>\n","protected":false},"author":1,"featured_media":24661,"comment_status":"closed","ping_status":"closed","sticky":false,"template":"","format":"standard","meta":{"_bbp_topic_count":0,"_bbp_reply_count":0,"_bbp_total_topic_count":0,"_bbp_total_reply_count":0,"_bbp_voice_count":0,"_bbp_anonymous_reply_count":0,"_bbp_topic_count_hidden":0,"_bbp_reply_count_hidden":0,"_bbp_forum_subforum_count":0,"footnotes":""},"categories":[1],"tags":[],"class_list":["post-24659","post","type-post","status-publish","format-standard","has-post-thumbnail","hentry","category-portadageneral"],"post_mailing_queue_ids":[],"_links":{"self":[{"href":"https:\/\/agora.xtec.cat\/escolacollserolacerdanyola\/wp-json\/wp\/v2\/posts\/24659","targetHints":{"allow":["GET"]}}],"collection":[{"href":"https:\/\/agora.xtec.cat\/escolacollserolacerdanyola\/wp-json\/wp\/v2\/posts"}],"about":[{"href":"https:\/\/agora.xtec.cat\/escolacollserolacerdanyola\/wp-json\/wp\/v2\/types\/post"}],"author":[{"embeddable":true,"href":"https:\/\/agora.xtec.cat\/escolacollserolacerdanyola\/wp-json\/wp\/v2\/users\/1"}],"replies":[{"embeddable":true,"href":"https:\/\/agora.xtec.cat\/escolacollserolacerdanyola\/wp-json\/wp\/v2\/comments?post=24659"}],"version-history":[{"count":3,"href":"https:\/\/agora.xtec.cat\/escolacollserolacerdanyola\/wp-json\/wp\/v2\/posts\/24659\/revisions"}],"predecessor-version":[{"id":24663,"href":"https:\/\/agora.xtec.cat\/escolacollserolacerdanyola\/wp-json\/wp\/v2\/posts\/24659\/revisions\/24663"}],"wp:featuredmedia":[{"embeddable":true,"href":"https:\/\/agora.xtec.cat\/escolacollserolacerdanyola\/wp-json\/wp\/v2\/media\/24661"}],"wp:attachment":[{"href":"https:\/\/agora.xtec.cat\/escolacollserolacerdanyola\/wp-json\/wp\/v2\/media?parent=24659"}],"wp:term":[{"taxonomy":"category","embeddable":true,"href":"https:\/\/agora.xtec.cat\/escolacollserolacerdanyola\/wp-json\/wp\/v2\/categories?post=24659"},{"taxonomy":"post_tag","embeddable":true,"href":"https:\/\/agora.xtec.cat\/escolacollserolacerdanyola\/wp-json\/wp\/v2\/tags?post=24659"}],"curies":[{"name":"wp","href":"https:\/\/api.w.org\/{rel}","templated":true}]}}