{"id":24581,"date":"2021-07-07T20:05:35","date_gmt":"2021-07-07T18:05:35","guid":{"rendered":"http:\/\/agora.xtec.cat\/escolacollserolacerdanyola\/?p=24581"},"modified":"2021-07-07T20:53:30","modified_gmt":"2021-07-07T18:53:30","slug":"solidaritat-familia-collserola","status":"publish","type":"post","link":"https:\/\/agora.xtec.cat\/escolacollserolacerdanyola\/portadageneral\/solidaritat-familia-collserola\/","title":{"rendered":"19-20 Fam\u00edlia Collserola Solid\u00e0ria"},"content":{"rendered":"<p>El curs 19-20 vam fer les Jornades Culturals &#8220;SALVEM EL PLANETA&#8221;. Una de les activitats tractava de fer donacions per tal d&#8217;apadrinar animals en perill d&#8217;extinci\u00f3. Vam recollir 156 \u20ac. Ens vam posar en contacte amb l&#8217;ONG <a href=\"https:\/\/www.wwf.es\/\">WWF Adena<\/a> i vam aconseguir apadrinar un \u00f3s polar, un linx, un llop i un orangutan. Aquest \u00faltim trimestre hem rebut les 4 bosses. A cadascuna hi havia un peluix (molt tendre i dol\u00e7) de l&#8217;animal, una revista, un p\u00f2ster amb informaci\u00f3 de la seva situaci\u00f3 actual al Planeta i un certificat d&#8217;apadrinament. Estem molt contentes de tenir aquests nous membres de l&#8217;escola i, esperem que els nens i les nenes els podeu gaudir al setembre. La fam\u00edlia del Collserola fem un BON EQUIP! MOLTES GR\u00c0CIES!!!<\/p>\n","protected":false},"excerpt":{"rendered":"<p>El curs 19-20 vam fer les Jornades Culturals &#8220;SALVEM EL PLANETA&#8221;. Una de les activitats tractava de fer donacions per tal d&#8217;apadrinar animals en perill d&#8217;extinci\u00f3. Vam recollir 156 \u20ac. Ens vam posar en contacte amb l&#8217;ONG <a href=\"https:\/\/www.wwf.es\/\">WWF Adena<\/a> i vam aconseguir apadrinar un&hellip;  <a href=\"https:\/\/agora.xtec.cat\/escolacollserolacerdanyola\/portadageneral\/solidaritat-familia-collserola\/\" title=\"Read 19-20 Fam\u00edlia Collserola Solid\u00e0ria\">Llegeix m\u00e9s\u00bb<\/a><\/p>\n","protected":false},"author":8,"featured_media":24582,"comment_status":"open","ping_status":"closed","sticky":false,"template":"","format":"standard","meta":{"_bbp_topic_count":0,"_bbp_reply_count":0,"_bbp_total_topic_count":0,"_bbp_total_reply_count":0,"_bbp_voice_count":0,"_bbp_anonymous_reply_count":0,"_bbp_topic_count_hidden":0,"_bbp_reply_count_hidden":0,"_bbp_forum_subforum_count":0,"footnotes":""},"categories":[10,11,12,13,14,15,2,3,8,9,86,85,1],"tags":[],"class_list":["post-24581","post","type-post","status-publish","format-standard","has-post-thumbnail","hentry","category-1r","category-2n","category-3r","category-4t","category-5e","category-6e","category-ei3-ei4-ei5","category-ei3","category-ei4","category-ei5","category-grans","category-mitjans","category-portadageneral"],"post_mailing_queue_ids":[],"_links":{"self":[{"href":"https:\/\/agora.xtec.cat\/escolacollserolacerdanyola\/wp-json\/wp\/v2\/posts\/24581","targetHints":{"allow":["GET"]}}],"collection":[{"href":"https:\/\/agora.xtec.cat\/escolacollserolacerdanyola\/wp-json\/wp\/v2\/posts"}],"about":[{"href":"https:\/\/agora.xtec.cat\/escolacollserolacerdanyola\/wp-json\/wp\/v2\/types\/post"}],"author":[{"embeddable":true,"href":"https:\/\/agora.xtec.cat\/escolacollserolacerdanyola\/wp-json\/wp\/v2\/users\/8"}],"replies":[{"embeddable":true,"href":"https:\/\/agora.xtec.cat\/escolacollserolacerdanyola\/wp-json\/wp\/v2\/comments?post=24581"}],"version-history":[{"count":4,"href":"https:\/\/agora.xtec.cat\/escolacollserolacerdanyola\/wp-json\/wp\/v2\/posts\/24581\/revisions"}],"predecessor-version":[{"id":24592,"href":"https:\/\/agora.xtec.cat\/escolacollserolacerdanyola\/wp-json\/wp\/v2\/posts\/24581\/revisions\/24592"}],"wp:featuredmedia":[{"embeddable":true,"href":"https:\/\/agora.xtec.cat\/escolacollserolacerdanyola\/wp-json\/wp\/v2\/media\/24582"}],"wp:attachment":[{"href":"https:\/\/agora.xtec.cat\/escolacollserolacerdanyola\/wp-json\/wp\/v2\/media?parent=24581"}],"wp:term":[{"taxonomy":"category","embeddable":true,"href":"https:\/\/agora.xtec.cat\/escolacollserolacerdanyola\/wp-json\/wp\/v2\/categories?post=24581"},{"taxonomy":"post_tag","embeddable":true,"href":"https:\/\/agora.xtec.cat\/escolacollserolacerdanyola\/wp-json\/wp\/v2\/tags?post=24581"}],"curies":[{"name":"wp","href":"https:\/\/api.w.org\/{rel}","templated":true}]}}