{"id":24533,"date":"2021-06-22T14:52:48","date_gmt":"2021-06-22T12:52:48","guid":{"rendered":"http:\/\/agora.xtec.cat\/escolacollserolacerdanyola\/?p=24533"},"modified":"2021-06-22T14:56:04","modified_gmt":"2021-06-22T12:56:04","slug":"2n-final-de-curs","status":"publish","type":"post","link":"https:\/\/agora.xtec.cat\/escolacollserolacerdanyola\/de-1r-a-6e\/2n\/2n-final-de-curs\/","title":{"rendered":"2n Final de curs"},"content":{"rendered":"<p>Hem arribat a final de curs. Ha estat un curs molt emocionant i ple d&#8217;incertesses, on tots i totes, mestres i alumnes hem apr\u00e8s molt\u00edssim els uns dels altres. I tot aquest esfor\u00e7 es mereix una gran festa!!<\/p>\n<p>Hem comen\u00e7at la setmana amb una festa d&#8217;aigua molt divertida!! Necessit\u00e0vem remullar-nos i passar-nos-ho b\u00e9&#8230;. i tots plegats, alumnes i profes hem acabat ben xops!!!\ud83d\udca6\ud83d\udca6\ud83d\udca6<\/p>\n<p>Per acomiadar el curs i els alumnes de 6\u00e8 que ja marxen de l&#8217;escola, hem fet un acte tots plegats. Hem fet una masclet\u00e0 \ud83c\udf86\ud83c\udf87, els companys i les companyes de 6\u00e8 ens han fet un ball i nosaltres a ells els hi hem cantat una can\u00e7\u00f3, hem menjat una coca bon\u00edssima \ud83d\ude0b\ud83d\ude0b i hem escoltat unes paraules molt emocionants.<\/p>\n<p>Han estat dos dies molt macos i plens d&#8217;emocions per dir adeu a aquest curs tan singular.<\/p>\n<p>Aqu\u00ed teniu un recull de fotos, esperem que us agradin.<\/p>\n<p><a style=\"font-family: inherit;font-size: 1em\" href=\"https:\/\/photos.app.goo.gl\/maLT5xFH61pERU9b8\">Final de curs 2n<\/a><\/p>\n","protected":false},"excerpt":{"rendered":"<p>Hem arribat a final de curs. Ha estat un curs molt emocionant i ple d&#8217;incertesses, on tots i totes, mestres i alumnes hem apr\u00e8s molt\u00edssim els uns dels altres. I tot aquest esfor\u00e7 es mereix una gran festa!!<br \/>\nHem comen\u00e7at la setmana amb una festa d&#8217;aigua&hellip;  <a href=\"https:\/\/agora.xtec.cat\/escolacollserolacerdanyola\/de-1r-a-6e\/2n\/2n-final-de-curs\/\" title=\"Read 2n Final de curs\">Llegeix m\u00e9s\u00bb<\/a><\/p>\n","protected":false},"author":7,"featured_media":0,"comment_status":"open","ping_status":"closed","sticky":false,"template":"","format":"standard","meta":{"_bbp_topic_count":0,"_bbp_reply_count":0,"_bbp_total_topic_count":0,"_bbp_total_reply_count":0,"_bbp_voice_count":0,"_bbp_anonymous_reply_count":0,"_bbp_topic_count_hidden":0,"_bbp_reply_count_hidden":0,"_bbp_forum_subforum_count":0,"footnotes":""},"categories":[11,296],"tags":[],"class_list":["post-24533","post","type-post","status-publish","format-standard","hentry","category-2n","category-festival"],"post_mailing_queue_ids":[],"_links":{"self":[{"href":"https:\/\/agora.xtec.cat\/escolacollserolacerdanyola\/wp-json\/wp\/v2\/posts\/24533","targetHints":{"allow":["GET"]}}],"collection":[{"href":"https:\/\/agora.xtec.cat\/escolacollserolacerdanyola\/wp-json\/wp\/v2\/posts"}],"about":[{"href":"https:\/\/agora.xtec.cat\/escolacollserolacerdanyola\/wp-json\/wp\/v2\/types\/post"}],"author":[{"embeddable":true,"href":"https:\/\/agora.xtec.cat\/escolacollserolacerdanyola\/wp-json\/wp\/v2\/users\/7"}],"replies":[{"embeddable":true,"href":"https:\/\/agora.xtec.cat\/escolacollserolacerdanyola\/wp-json\/wp\/v2\/comments?post=24533"}],"version-history":[{"count":1,"href":"https:\/\/agora.xtec.cat\/escolacollserolacerdanyola\/wp-json\/wp\/v2\/posts\/24533\/revisions"}],"predecessor-version":[{"id":24534,"href":"https:\/\/agora.xtec.cat\/escolacollserolacerdanyola\/wp-json\/wp\/v2\/posts\/24533\/revisions\/24534"}],"wp:attachment":[{"href":"https:\/\/agora.xtec.cat\/escolacollserolacerdanyola\/wp-json\/wp\/v2\/media?parent=24533"}],"wp:term":[{"taxonomy":"category","embeddable":true,"href":"https:\/\/agora.xtec.cat\/escolacollserolacerdanyola\/wp-json\/wp\/v2\/categories?post=24533"},{"taxonomy":"post_tag","embeddable":true,"href":"https:\/\/agora.xtec.cat\/escolacollserolacerdanyola\/wp-json\/wp\/v2\/tags?post=24533"}],"curies":[{"name":"wp","href":"https:\/\/api.w.org\/{rel}","templated":true}]}}