{"id":24440,"date":"2021-06-07T18:17:35","date_gmt":"2021-06-07T16:17:35","guid":{"rendered":"http:\/\/agora.xtec.cat\/escolacollserolacerdanyola\/?p=24440"},"modified":"2021-06-07T18:19:17","modified_gmt":"2021-06-07T16:19:17","slug":"p3-aniversaris-abril-i-maig","status":"publish","type":"post","link":"https:\/\/agora.xtec.cat\/escolacollserolacerdanyola\/ei3-ei4-ei5\/ei3\/p3-aniversaris-abril-i-maig\/","title":{"rendered":"P3- ANIVERSARIS ABRIL I MAIG"},"content":{"rendered":"<p>Durant el mes d&#8217;Abril hem cel.lebrat l&#8217;aniversari de l&#8217;H\u00e9ctor i durant el mes de Maig el de la Candela. MOLTES FELICITATS H\u00c9CTOR I CANDELA!! Cliqueu al past\u00eds per veure les fotos;)<\/p>\n<p><a href=\"https:\/\/photos.app.goo.gl\/4eTwtV3FpPeStKYJA\"><img loading=\"lazy\" decoding=\"async\" class=\"size-full wp-image-24441 aligncenter\" src=\"https:\/\/agora.xtec.cat\/escolacollserolacerdanyola\/wp-content\/uploads\/usu1390\/2021\/06\/PASTIS-4-ANYS.jpg\" alt=\"\" width=\"225\" height=\"225\" srcset=\"https:\/\/agora.xtec.cat\/escolacollserolacerdanyola\/wp-content\/uploads\/usu1390\/2021\/06\/PASTIS-4-ANYS.jpg 225w, https:\/\/agora.xtec.cat\/escolacollserolacerdanyola\/wp-content\/uploads\/usu1390\/2021\/06\/PASTIS-4-ANYS-150x150.jpg 150w\" sizes=\"auto, (max-width: 225px) 100vw, 225px\" \/><\/a><\/p>\n<p>&nbsp;<\/p>\n","protected":false},"excerpt":{"rendered":"<p>Durant el mes d&#8217;Abril hem cel.lebrat l&#8217;aniversari de l&#8217;H\u00e9ctor i durant el mes de Maig el de la Candela. MOLTES FELICITATS H\u00c9CTOR I CANDELA!! Cliqueu al past\u00eds per veure les fotos;)<br \/>\n<a href=\"https:\/\/photos.app.goo.gl\/4eTwtV3FpPeStKYJA\"><\/a><br \/>\n&nbsp;<\/p>\n","protected":false},"author":6,"featured_media":24441,"comment_status":"open","ping_status":"closed","sticky":false,"template":"","format":"standard","meta":{"_bbp_topic_count":0,"_bbp_reply_count":0,"_bbp_total_topic_count":0,"_bbp_total_reply_count":0,"_bbp_voice_count":0,"_bbp_anonymous_reply_count":0,"_bbp_topic_count_hidden":0,"_bbp_reply_count_hidden":0,"_bbp_forum_subforum_count":0,"footnotes":""},"categories":[3],"tags":[],"class_list":["post-24440","post","type-post","status-publish","format-standard","has-post-thumbnail","hentry","category-ei3"],"post_mailing_queue_ids":[],"_links":{"self":[{"href":"https:\/\/agora.xtec.cat\/escolacollserolacerdanyola\/wp-json\/wp\/v2\/posts\/24440","targetHints":{"allow":["GET"]}}],"collection":[{"href":"https:\/\/agora.xtec.cat\/escolacollserolacerdanyola\/wp-json\/wp\/v2\/posts"}],"about":[{"href":"https:\/\/agora.xtec.cat\/escolacollserolacerdanyola\/wp-json\/wp\/v2\/types\/post"}],"author":[{"embeddable":true,"href":"https:\/\/agora.xtec.cat\/escolacollserolacerdanyola\/wp-json\/wp\/v2\/users\/6"}],"replies":[{"embeddable":true,"href":"https:\/\/agora.xtec.cat\/escolacollserolacerdanyola\/wp-json\/wp\/v2\/comments?post=24440"}],"version-history":[{"count":1,"href":"https:\/\/agora.xtec.cat\/escolacollserolacerdanyola\/wp-json\/wp\/v2\/posts\/24440\/revisions"}],"predecessor-version":[{"id":24442,"href":"https:\/\/agora.xtec.cat\/escolacollserolacerdanyola\/wp-json\/wp\/v2\/posts\/24440\/revisions\/24442"}],"wp:featuredmedia":[{"embeddable":true,"href":"https:\/\/agora.xtec.cat\/escolacollserolacerdanyola\/wp-json\/wp\/v2\/media\/24441"}],"wp:attachment":[{"href":"https:\/\/agora.xtec.cat\/escolacollserolacerdanyola\/wp-json\/wp\/v2\/media?parent=24440"}],"wp:term":[{"taxonomy":"category","embeddable":true,"href":"https:\/\/agora.xtec.cat\/escolacollserolacerdanyola\/wp-json\/wp\/v2\/categories?post=24440"},{"taxonomy":"post_tag","embeddable":true,"href":"https:\/\/agora.xtec.cat\/escolacollserolacerdanyola\/wp-json\/wp\/v2\/tags?post=24440"}],"curies":[{"name":"wp","href":"https:\/\/api.w.org\/{rel}","templated":true}]}}