{"id":24327,"date":"2021-05-26T15:48:47","date_gmt":"2021-05-26T13:48:47","guid":{"rendered":"http:\/\/agora.xtec.cat\/escolacollserolacerdanyola\/?p=24327"},"modified":"2021-05-26T15:49:50","modified_gmt":"2021-05-26T13:49:50","slug":"viatge-6e-iii-caiac","status":"publish","type":"post","link":"https:\/\/agora.xtec.cat\/escolacollserolacerdanyola\/portadageneral\/viatge-6e-iii-caiac\/","title":{"rendered":"VIATGE 6\u00e8 (III) CAIAC"},"content":{"rendered":"<p>MAT\u00cd 26\/05\/21: Aquest mat\u00ed, despr\u00e9s d&#8217;esmorzar, ens hem posat -amb for\u00e7a dificultats- els neoprens, hem agafat i transportat els caiacs fins a la platja (encara amb m\u00e9s dificultats) i hem passat una estona navegant per vora la platja. Ha sigut el primer contacte amb el mar!!! Aviat tindreu el v\u00eddeo del m\u00e0king off&#8230; Despr\u00e9s una bona paella i un altre cop cap a la platja amb el neopr\u00e8: p\u00e0del surf!!!<\/p>\n<p><a href=\"https:\/\/photos.app.goo.gl\/4H5cr17uHEN2yvRz9\"><img loading=\"lazy\" decoding=\"async\" class=\"alignnone wp-image-24328\" src=\"https:\/\/agora.xtec.cat\/escolacollserolacerdanyola\/wp-content\/uploads\/usu1390\/2021\/05\/que_es_kayak_dest-1024x561.jpg\" alt=\"\" width=\"219\" height=\"120\" srcset=\"https:\/\/agora.xtec.cat\/escolacollserolacerdanyola\/wp-content\/uploads\/usu1390\/2021\/05\/que_es_kayak_dest-1024x561.jpg 1024w, https:\/\/agora.xtec.cat\/escolacollserolacerdanyola\/wp-content\/uploads\/usu1390\/2021\/05\/que_es_kayak_dest-300x165.jpg 300w, https:\/\/agora.xtec.cat\/escolacollserolacerdanyola\/wp-content\/uploads\/usu1390\/2021\/05\/que_es_kayak_dest-768x421.jpg 768w, https:\/\/agora.xtec.cat\/escolacollserolacerdanyola\/wp-content\/uploads\/usu1390\/2021\/05\/que_es_kayak_dest.jpg 1200w\" sizes=\"auto, (max-width: 219px) 100vw, 219px\" \/><\/a><\/p>\n","protected":false},"excerpt":{"rendered":"<p>MAT\u00cd 26\/05\/21: Aquest mat\u00ed, despr\u00e9s d&#8217;esmorzar, ens hem posat -amb for\u00e7a dificultats- els neoprens, hem agafat i transportat els caiacs fins a la platja (encara amb m\u00e9s dificultats) i hem passat una estona navegant per vora la platja. Ha sigut el primer contacte amb el&hellip;  <a href=\"https:\/\/agora.xtec.cat\/escolacollserolacerdanyola\/portadageneral\/viatge-6e-iii-caiac\/\" title=\"Read VIATGE 6\u00e8 (III) CAIAC\">Llegeix m\u00e9s\u00bb<\/a><\/p>\n","protected":false},"author":9,"featured_media":9638,"comment_status":"open","ping_status":"closed","sticky":false,"template":"","format":"standard","meta":{"_bbp_topic_count":0,"_bbp_reply_count":0,"_bbp_total_topic_count":0,"_bbp_total_reply_count":0,"_bbp_voice_count":0,"_bbp_anonymous_reply_count":0,"_bbp_topic_count_hidden":0,"_bbp_reply_count_hidden":0,"_bbp_forum_subforum_count":0,"footnotes":""},"categories":[15,86,1],"tags":[],"class_list":["post-24327","post","type-post","status-publish","format-standard","has-post-thumbnail","hentry","category-6e","category-grans","category-portadageneral"],"post_mailing_queue_ids":[],"_links":{"self":[{"href":"https:\/\/agora.xtec.cat\/escolacollserolacerdanyola\/wp-json\/wp\/v2\/posts\/24327","targetHints":{"allow":["GET"]}}],"collection":[{"href":"https:\/\/agora.xtec.cat\/escolacollserolacerdanyola\/wp-json\/wp\/v2\/posts"}],"about":[{"href":"https:\/\/agora.xtec.cat\/escolacollserolacerdanyola\/wp-json\/wp\/v2\/types\/post"}],"author":[{"embeddable":true,"href":"https:\/\/agora.xtec.cat\/escolacollserolacerdanyola\/wp-json\/wp\/v2\/users\/9"}],"replies":[{"embeddable":true,"href":"https:\/\/agora.xtec.cat\/escolacollserolacerdanyola\/wp-json\/wp\/v2\/comments?post=24327"}],"version-history":[{"count":1,"href":"https:\/\/agora.xtec.cat\/escolacollserolacerdanyola\/wp-json\/wp\/v2\/posts\/24327\/revisions"}],"predecessor-version":[{"id":24329,"href":"https:\/\/agora.xtec.cat\/escolacollserolacerdanyola\/wp-json\/wp\/v2\/posts\/24327\/revisions\/24329"}],"wp:featuredmedia":[{"embeddable":true,"href":"https:\/\/agora.xtec.cat\/escolacollserolacerdanyola\/wp-json\/wp\/v2\/media\/9638"}],"wp:attachment":[{"href":"https:\/\/agora.xtec.cat\/escolacollserolacerdanyola\/wp-json\/wp\/v2\/media?parent=24327"}],"wp:term":[{"taxonomy":"category","embeddable":true,"href":"https:\/\/agora.xtec.cat\/escolacollserolacerdanyola\/wp-json\/wp\/v2\/categories?post=24327"},{"taxonomy":"post_tag","embeddable":true,"href":"https:\/\/agora.xtec.cat\/escolacollserolacerdanyola\/wp-json\/wp\/v2\/tags?post=24327"}],"curies":[{"name":"wp","href":"https:\/\/api.w.org\/{rel}","templated":true}]}}