{"id":24316,"date":"2021-05-26T13:55:17","date_gmt":"2021-05-26T11:55:17","guid":{"rendered":"http:\/\/agora.xtec.cat\/escolacollserolacerdanyola\/?p=24316"},"modified":"2021-05-26T14:59:49","modified_gmt":"2021-05-26T12:59:49","slug":"gran-exit-de-la-cooperativa","status":"publish","type":"post","link":"https:\/\/agora.xtec.cat\/escolacollserolacerdanyola\/portadageneral\/gran-exit-de-la-cooperativa\/","title":{"rendered":"Gran \u00e8xit de la cooperativa!"},"content":{"rendered":"<p><span style=\"color: #000000\">Estimades fam\u00edlies,\u00a0<\/span><\/p>\n<p>us volem agrair la vostra participaci\u00f3 al mercat de cooperatives d&#8217;aquest any. Tot i que degut a les circumst\u00e0ncies el mercat no s&#8217;ha pogut fer amb cooperatives d&#8217;altres escoles, <strong>la vostra col\u00b7laboraci\u00f3 ha fet que fos tot un \u00e8xit!<\/strong> Gr\u00e0cies a la vostra ajuda, les dues cooperatives han pogut vendre TOTS els productes i, d&#8217;aquesta manera, col\u00b7laborar amb<strong> l&#8217;Associaci\u00f3 Aprenem Autisme, l&#8217;Associaci\u00f3 de diabetis de Catalunya i\u00a0 l&#8217;Associaci\u00f3 Protectora d&#8217;Animals de Granollers, aix\u00ed com tamb\u00e9, col\u00b7laborar amb les col\u00f2nies de 6\u00e8.\u00a0<\/strong><\/p>\n<p><strong>A continuaci\u00f3 us deixem l&#8217;enlla\u00e7 a les diferents associacions, i u<\/strong>n altre enlla\u00e7 a les fotos del mercat.<\/p>\n<h3><strong><span style=\"color: #800080\">Moltes gr\u00e0cies a tots i totes!!<\/span><\/strong><\/h3>\n<p><a href=\"https:\/\/adc.cat\/es\/\"><img loading=\"lazy\" decoding=\"async\" class=\"alignnone wp-image-24318\" src=\"https:\/\/agora.xtec.cat\/escolacollserolacerdanyola\/wp-content\/uploads\/usu1390\/2021\/05\/ADC-1024x520.png\" alt=\"\" width=\"186\" height=\"95\" srcset=\"https:\/\/agora.xtec.cat\/escolacollserolacerdanyola\/wp-content\/uploads\/usu1390\/2021\/05\/ADC-1024x520.png 1024w, https:\/\/agora.xtec.cat\/escolacollserolacerdanyola\/wp-content\/uploads\/usu1390\/2021\/05\/ADC-300x152.png 300w, https:\/\/agora.xtec.cat\/escolacollserolacerdanyola\/wp-content\/uploads\/usu1390\/2021\/05\/ADC-768x390.png 768w\" sizes=\"auto, (max-width: 186px) 100vw, 186px\" \/><\/a> <a href=\"https:\/\/protectoragranollers.org\/\"><img loading=\"lazy\" decoding=\"async\" class=\"alignnone wp-image-24319\" src=\"https:\/\/agora.xtec.cat\/escolacollserolacerdanyola\/wp-content\/uploads\/usu1390\/2021\/05\/APAG.png\" alt=\"\" width=\"152\" height=\"73\" \/><\/a> <a href=\"https:\/\/www.associacioaprenem.org\/es\/\"><img loading=\"lazy\" decoding=\"async\" class=\"alignnone wp-image-24317\" src=\"https:\/\/agora.xtec.cat\/escolacollserolacerdanyola\/wp-content\/uploads\/usu1390\/2021\/05\/AA.png\" alt=\"\" width=\"188\" height=\"48\" srcset=\"https:\/\/agora.xtec.cat\/escolacollserolacerdanyola\/wp-content\/uploads\/usu1390\/2021\/05\/AA.png 782w, https:\/\/agora.xtec.cat\/escolacollserolacerdanyola\/wp-content\/uploads\/usu1390\/2021\/05\/AA-300x77.png 300w, https:\/\/agora.xtec.cat\/escolacollserolacerdanyola\/wp-content\/uploads\/usu1390\/2021\/05\/AA-768x196.png 768w\" sizes=\"auto, (max-width: 188px) 100vw, 188px\" \/><\/a><\/p>\n<p><a href=\"https:\/\/photos.app.goo.gl\/FaRKaVzGCVEobygp7\"><img loading=\"lazy\" decoding=\"async\" class=\"alignnone size-full wp-image-24320\" src=\"https:\/\/agora.xtec.cat\/escolacollserolacerdanyola\/wp-content\/uploads\/usu1390\/2021\/05\/kitcueme.png\" alt=\"\" width=\"820\" height=\"84\" srcset=\"https:\/\/agora.xtec.cat\/escolacollserolacerdanyola\/wp-content\/uploads\/usu1390\/2021\/05\/kitcueme.png 820w, https:\/\/agora.xtec.cat\/escolacollserolacerdanyola\/wp-content\/uploads\/usu1390\/2021\/05\/kitcueme-300x31.png 300w, https:\/\/agora.xtec.cat\/escolacollserolacerdanyola\/wp-content\/uploads\/usu1390\/2021\/05\/kitcueme-768x79.png 768w\" sizes=\"auto, (max-width: 820px) 100vw, 820px\" \/><\/a><\/p>\n<p>&nbsp;<\/p>\n","protected":false},"excerpt":{"rendered":"<p>Estimades fam\u00edlies,\u00a0<br \/>\nus volem agrair la vostra participaci\u00f3 al mercat de cooperatives d&#8217;aquest any. Tot i que degut a les circumst\u00e0ncies el mercat no s&#8217;ha pogut fer amb cooperatives d&#8217;altres escoles, la vostra col\u00b7laboraci\u00f3 ha fet que fos tot un \u00e8xit! Gr\u00e0cies a la vostra ajuda,&hellip;  <a href=\"https:\/\/agora.xtec.cat\/escolacollserolacerdanyola\/portadageneral\/gran-exit-de-la-cooperativa\/\" title=\"Read Gran \u00e8xit de la cooperativa!\">Llegeix m\u00e9s\u00bb<\/a><\/p>\n","protected":false},"author":9,"featured_media":24324,"comment_status":"open","ping_status":"closed","sticky":false,"template":"","format":"standard","meta":{"_bbp_topic_count":0,"_bbp_reply_count":0,"_bbp_total_topic_count":0,"_bbp_total_reply_count":0,"_bbp_voice_count":0,"_bbp_anonymous_reply_count":0,"_bbp_topic_count_hidden":0,"_bbp_reply_count_hidden":0,"_bbp_forum_subforum_count":0,"footnotes":""},"categories":[14,15,498,86,92,1],"tags":[],"class_list":["post-24316","post","type-post","status-publish","format-standard","has-post-thumbnail","hentry","category-5e","category-6e","category-cooperatives-escolars","category-grans","category-inici","category-portadageneral"],"post_mailing_queue_ids":[],"_links":{"self":[{"href":"https:\/\/agora.xtec.cat\/escolacollserolacerdanyola\/wp-json\/wp\/v2\/posts\/24316","targetHints":{"allow":["GET"]}}],"collection":[{"href":"https:\/\/agora.xtec.cat\/escolacollserolacerdanyola\/wp-json\/wp\/v2\/posts"}],"about":[{"href":"https:\/\/agora.xtec.cat\/escolacollserolacerdanyola\/wp-json\/wp\/v2\/types\/post"}],"author":[{"embeddable":true,"href":"https:\/\/agora.xtec.cat\/escolacollserolacerdanyola\/wp-json\/wp\/v2\/users\/9"}],"replies":[{"embeddable":true,"href":"https:\/\/agora.xtec.cat\/escolacollserolacerdanyola\/wp-json\/wp\/v2\/comments?post=24316"}],"version-history":[{"count":1,"href":"https:\/\/agora.xtec.cat\/escolacollserolacerdanyola\/wp-json\/wp\/v2\/posts\/24316\/revisions"}],"predecessor-version":[{"id":24321,"href":"https:\/\/agora.xtec.cat\/escolacollserolacerdanyola\/wp-json\/wp\/v2\/posts\/24316\/revisions\/24321"}],"wp:featuredmedia":[{"embeddable":true,"href":"https:\/\/agora.xtec.cat\/escolacollserolacerdanyola\/wp-json\/wp\/v2\/media\/24324"}],"wp:attachment":[{"href":"https:\/\/agora.xtec.cat\/escolacollserolacerdanyola\/wp-json\/wp\/v2\/media?parent=24316"}],"wp:term":[{"taxonomy":"category","embeddable":true,"href":"https:\/\/agora.xtec.cat\/escolacollserolacerdanyola\/wp-json\/wp\/v2\/categories?post=24316"},{"taxonomy":"post_tag","embeddable":true,"href":"https:\/\/agora.xtec.cat\/escolacollserolacerdanyola\/wp-json\/wp\/v2\/tags?post=24316"}],"curies":[{"name":"wp","href":"https:\/\/api.w.org\/{rel}","templated":true}]}}