{"id":24272,"date":"2021-05-14T15:27:01","date_gmt":"2021-05-14T13:27:01","guid":{"rendered":"http:\/\/agora.xtec.cat\/escolacollserolacerdanyola\/?p=24272"},"modified":"2021-05-14T15:27:01","modified_gmt":"2021-05-14T13:27:01","slug":"dia-de-lautisme","status":"publish","type":"post","link":"https:\/\/agora.xtec.cat\/escolacollserolacerdanyola\/de-1r-a-6e\/5e\/dia-de-lautisme\/","title":{"rendered":"Dia de l&#8217;autisme"},"content":{"rendered":"<p><strong><em>Escrit per l&#8217;Iv\u00e1n:\u00a0<\/em><\/strong><\/p>\n<p><span style=\"color: #ff0000\"><b>El dia 28 d&#8217;abril<\/b><b> es va celebrar a <\/b><b>la classe de 5\u00e8 el dia internacional de l&#8217;autisme. <\/b><b>En realitat, s&#8217;hauria d&#8217;haver celebrat el 2 d&#8217;abril, <\/b><b>per\u00f2 per festes de <\/b><b>Setmana Santa<\/b><b> no es va poder fer.<\/b><\/span><\/p>\n<p><span style=\"color: #0000ff\"><b>L\u2019<\/b><b>I<\/b><b>v<\/b><b>a<\/b><b>n, <\/b><b>que t\u00e9 un autisme baix, es va encarregar de preparar i presentar el dia. V<\/b><b>am fer 5 activitats el mateix dia.\u00a0<\/b><\/span><\/p>\n<p><span style=\"color: #008000\"><b>Les activitats van ser&#8230;<\/b><\/span><\/p>\n<p><span style=\"color: #ffcc00\"><b>&#8211; Veure i comentar un v\u00eddeo. Aqu\u00ed teniu l&#8217;enlla\u00e7!<\/b><\/span><\/p>\n<p>&nbsp;<\/p>\n<p>&nbsp;<\/p>\n<p><b><a href=\"https:\/\/www.youtube.com\/watch?v=fCoBk1tWYEg\">https:\/\/www.youtube.com\/watch?v=fCoBk1tWYEg<\/a><\/b><\/p>\n<p><span style=\"color: #008000\"><b><span style=\"color: #ff0000\">&#8211; Imprimir peces de puzzle en paper de colors, escriure-hi com ajudar als nens i nenes que tenen autisme i fer un mural encaixant totes les peces.<\/span>\u00a0<\/b><\/span><\/p>\n<p><span style=\"color: #0000ff\"><b>&#8211; Fer xapes amb goma eva i amb el nostre nom, i enganxar-hi el s\u00edmbol de l&#8217;autisme.\u00a0<\/b><\/span><\/p>\n<p><span style=\"color: #008000\"><b>&#8211; Despr\u00e9s vam fer fotos amb el cartell de l&#8217;autisme, el mural i els pops reversibles!<\/b><\/span><\/p>\n<p><span style=\"color: #ff0000\"><b>&#8211; Al final, l&#8217;Ivan va repartir un regal per a cada nen: una pulsera de l&#8217;autisme i dues xuxes que ens van posar la llengua blava!<\/b><\/span><\/p>\n<p><img loading=\"lazy\" decoding=\"async\" class=\"alignnone  wp-image-24273\" src=\"https:\/\/agora.xtec.cat\/escolacollserolacerdanyola\/wp-content\/uploads\/usu1390\/2021\/05\/dipper-xl-fresa-caramelo-masticable-el-nuevo-masky.jpg\" alt=\"\" width=\"214\" height=\"214\" srcset=\"https:\/\/agora.xtec.cat\/escolacollserolacerdanyola\/wp-content\/uploads\/usu1390\/2021\/05\/dipper-xl-fresa-caramelo-masticable-el-nuevo-masky.jpg 800w, https:\/\/agora.xtec.cat\/escolacollserolacerdanyola\/wp-content\/uploads\/usu1390\/2021\/05\/dipper-xl-fresa-caramelo-masticable-el-nuevo-masky-150x150.jpg 150w, https:\/\/agora.xtec.cat\/escolacollserolacerdanyola\/wp-content\/uploads\/usu1390\/2021\/05\/dipper-xl-fresa-caramelo-masticable-el-nuevo-masky-300x300.jpg 300w, https:\/\/agora.xtec.cat\/escolacollserolacerdanyola\/wp-content\/uploads\/usu1390\/2021\/05\/dipper-xl-fresa-caramelo-masticable-el-nuevo-masky-768x768.jpg 768w\" sizes=\"auto, (max-width: 214px) 100vw, 214px\" \/><img loading=\"lazy\" decoding=\"async\" class=\"alignnone  wp-image-24274\" src=\"https:\/\/agora.xtec.cat\/escolacollserolacerdanyola\/wp-content\/uploads\/usu1390\/2021\/05\/HTB1dFGllPuhSKJjSspjq6Ai8VXad.jpg_640x640.jpg\" alt=\"\" width=\"230\" height=\"230\" srcset=\"https:\/\/agora.xtec.cat\/escolacollserolacerdanyola\/wp-content\/uploads\/usu1390\/2021\/05\/HTB1dFGllPuhSKJjSspjq6Ai8VXad.jpg_640x640.jpg 640w, https:\/\/agora.xtec.cat\/escolacollserolacerdanyola\/wp-content\/uploads\/usu1390\/2021\/05\/HTB1dFGllPuhSKJjSspjq6Ai8VXad.jpg_640x640-150x150.jpg 150w, https:\/\/agora.xtec.cat\/escolacollserolacerdanyola\/wp-content\/uploads\/usu1390\/2021\/05\/HTB1dFGllPuhSKJjSspjq6Ai8VXad.jpg_640x640-300x300.jpg 300w\" sizes=\"auto, (max-width: 230px) 100vw, 230px\" \/><\/p>\n<p><b>Us deixem les fotos clicant <a href=\"https:\/\/photos.app.goo.gl\/7vBgRumRhwnuP3BFA\">AQU\u00cd.<\/a><\/b><\/p>\n<p><b>\u00a0<\/b><\/p>\n","protected":false},"excerpt":{"rendered":"<p>Escrit per l&#8217;Iv\u00e1n:\u00a0<br \/>\nEl dia 28 d&#8217;abril es va celebrar a la classe de 5\u00e8 el dia internacional de l&#8217;autisme. En realitat, s&#8217;hauria d&#8217;haver celebrat el 2 d&#8217;abril, per\u00f2 per festes de Setmana Santa no es va poder fer.<br \/>\nL\u2019Ivan, que t\u00e9 un autisme baix, es va&hellip;  <a href=\"https:\/\/agora.xtec.cat\/escolacollserolacerdanyola\/de-1r-a-6e\/5e\/dia-de-lautisme\/\" title=\"Read Dia de l&#8217;autisme\">Llegeix m\u00e9s\u00bb<\/a><\/p>\n","protected":false},"author":9,"featured_media":0,"comment_status":"open","ping_status":"closed","sticky":false,"template":"","format":"standard","meta":{"_bbp_topic_count":0,"_bbp_reply_count":0,"_bbp_total_topic_count":0,"_bbp_total_reply_count":0,"_bbp_voice_count":0,"_bbp_anonymous_reply_count":0,"_bbp_topic_count_hidden":0,"_bbp_reply_count_hidden":0,"_bbp_forum_subforum_count":0,"footnotes":""},"categories":[14],"tags":[],"class_list":["post-24272","post","type-post","status-publish","format-standard","hentry","category-5e"],"post_mailing_queue_ids":[],"_links":{"self":[{"href":"https:\/\/agora.xtec.cat\/escolacollserolacerdanyola\/wp-json\/wp\/v2\/posts\/24272","targetHints":{"allow":["GET"]}}],"collection":[{"href":"https:\/\/agora.xtec.cat\/escolacollserolacerdanyola\/wp-json\/wp\/v2\/posts"}],"about":[{"href":"https:\/\/agora.xtec.cat\/escolacollserolacerdanyola\/wp-json\/wp\/v2\/types\/post"}],"author":[{"embeddable":true,"href":"https:\/\/agora.xtec.cat\/escolacollserolacerdanyola\/wp-json\/wp\/v2\/users\/9"}],"replies":[{"embeddable":true,"href":"https:\/\/agora.xtec.cat\/escolacollserolacerdanyola\/wp-json\/wp\/v2\/comments?post=24272"}],"version-history":[{"count":1,"href":"https:\/\/agora.xtec.cat\/escolacollserolacerdanyola\/wp-json\/wp\/v2\/posts\/24272\/revisions"}],"predecessor-version":[{"id":24276,"href":"https:\/\/agora.xtec.cat\/escolacollserolacerdanyola\/wp-json\/wp\/v2\/posts\/24272\/revisions\/24276"}],"wp:attachment":[{"href":"https:\/\/agora.xtec.cat\/escolacollserolacerdanyola\/wp-json\/wp\/v2\/media?parent=24272"}],"wp:term":[{"taxonomy":"category","embeddable":true,"href":"https:\/\/agora.xtec.cat\/escolacollserolacerdanyola\/wp-json\/wp\/v2\/categories?post=24272"},{"taxonomy":"post_tag","embeddable":true,"href":"https:\/\/agora.xtec.cat\/escolacollserolacerdanyola\/wp-json\/wp\/v2\/tags?post=24272"}],"curies":[{"name":"wp","href":"https:\/\/api.w.org\/{rel}","templated":true}]}}