{"id":24269,"date":"2021-05-14T12:17:35","date_gmt":"2021-05-14T10:17:35","guid":{"rendered":"http:\/\/agora.xtec.cat\/escolacollserolacerdanyola\/?p=24269"},"modified":"2021-05-14T14:51:22","modified_gmt":"2021-05-14T12:51:22","slug":"mercat-de-cooperatives","status":"publish","type":"post","link":"https:\/\/agora.xtec.cat\/escolacollserolacerdanyola\/portadageneral\/mercat-de-cooperatives\/","title":{"rendered":"Mercat de cooperatives"},"content":{"rendered":"<p>Benvolgudes fam\u00edlies,<\/p>\n<p>&nbsp;<\/p>\n<p>Com ja sabeu, els grups de 5\u00e8 i de 6\u00e8 han estat treballant al llarg del curs en un Projecte de la Diputaci\u00f3 de Barcelona i l\u2019Ajuntament\u00a0 de Cerdanyola, el <strong>CUEME <\/strong>(Cultura Emprenedora a l\u2019Escola).<\/p>\n<p>&nbsp;<\/p>\n<p>Aquest projecte busca refor\u00e7ar valors com la solidaritat, la igualtat d\u2019oportunitats i l\u2019equitat, el treball en equip, la resoluci\u00f3 de conflictes, parlar en p\u00fablic i respectar totes les idees, aix\u00ed com col\u00b7laborar de prop amb una ONG i donar part dels seus guanys a l\u2019 entitat i,\u00a0 en el cas de 6\u00e8, una altra part dels diners guanyats destinar-los al viatge de fi de curs.<\/p>\n<p>&nbsp;<\/p>\n<p>Aquests dies ja estan acabant de produir les seves peces i arriba el moment de vendre-les. Altres anys, la venta s\u2019havia fet en conjunt amb totes les escoles de Cerdanyola que hi participaven en un espai c\u00e8ntric de Cerdanyola, habilitat per fer el mercat. Aquest any, degut a les restriccions per la pand\u00e8mia, no es podr\u00e0 fer amb aquest format i hem hagut d\u2019adaptar-lo.<\/p>\n<p>Aix\u00ed doncs, us informem que el proper <strong>divendres 21, en horari de les 9h30\u2019 a les 13h, posarem les nostres paradetes a la sortida de l\u2019escola <\/strong>(en el mur exterior de l\u2019 hort). Al llarg del mat\u00ed, els diferents grups de l\u2019escola passaran a veure les paradetes i a comprar els nostres productes. P4 i P5 faran una volteta per veure com ho fan els grans, i <strong>de 1r a 4t podran portar diners (m\u00e0xim 4\u20ac)<\/strong> per fer alguna compra (en el cas que hi hagi algun producte que els interessi). Demanem que, en el cas de voler adquirir algun dels productes, portin els diners exactes per evitar aix\u00ed l\u2019intercanvi de monedes i bitllets. A partir de les 12:30, les fam\u00edlies que aix\u00ed ho vulgueu, tamb\u00e9 podeu venir a veure i a comprar.<\/p>\n<p>&nbsp;<\/p>\n<p>En el document adjunt, us mostrem unes\u00a0 fotos dels productes de les dues Cooperatives i ben aviat penjarem el reportatge del Mercat de Cooperatives. A la web de l\u2019escola tamb\u00e9 trobareu tota la informaci\u00f3.<\/p>\n<p>&nbsp;<\/p>\n<p>GR\u00c0CIES PER LA VOSTRA COL\u00b7LABORACI\u00d3!!!<\/p>\n<p><img loading=\"lazy\" decoding=\"async\" class=\"alignnone size-large wp-image-24270\" src=\"https:\/\/agora.xtec.cat\/escolacollserolacerdanyola\/wp-content\/uploads\/usu1390\/2021\/05\/COOPERATIVES-ESCOLA-COLLSEROLA-CARTELL-min-1024x724.png\" alt=\"\" width=\"1024\" height=\"724\" srcset=\"https:\/\/agora.xtec.cat\/escolacollserolacerdanyola\/wp-content\/uploads\/usu1390\/2021\/05\/COOPERATIVES-ESCOLA-COLLSEROLA-CARTELL-min-1024x724.png 1024w, https:\/\/agora.xtec.cat\/escolacollserolacerdanyola\/wp-content\/uploads\/usu1390\/2021\/05\/COOPERATIVES-ESCOLA-COLLSEROLA-CARTELL-min-300x212.png 300w, https:\/\/agora.xtec.cat\/escolacollserolacerdanyola\/wp-content\/uploads\/usu1390\/2021\/05\/COOPERATIVES-ESCOLA-COLLSEROLA-CARTELL-min-768x543.png 768w\" sizes=\"auto, (max-width: 1024px) 100vw, 1024px\" \/><\/p>\n","protected":false},"excerpt":{"rendered":"<p>Benvolgudes fam\u00edlies,<br \/>\n&nbsp;<br \/>\nCom ja sabeu, els grups de 5\u00e8 i de 6\u00e8 han estat treballant al llarg del curs en un Projecte de la Diputaci\u00f3 de Barcelona i l\u2019Ajuntament\u00a0 de Cerdanyola, el CUEME (Cultura Emprenedora a l\u2019Escola).<br \/>\n&nbsp;<br \/>\nAquest projecte busca refor\u00e7ar valors com la solidaritat, la igualtat&hellip;  <a href=\"https:\/\/agora.xtec.cat\/escolacollserolacerdanyola\/portadageneral\/mercat-de-cooperatives\/\" title=\"Read Mercat de cooperatives\">Llegeix m\u00e9s\u00bb<\/a><\/p>\n","protected":false},"author":9,"featured_media":24270,"comment_status":"open","ping_status":"closed","sticky":false,"template":"","format":"standard","meta":{"_bbp_topic_count":0,"_bbp_reply_count":0,"_bbp_total_topic_count":0,"_bbp_total_reply_count":0,"_bbp_voice_count":0,"_bbp_anonymous_reply_count":0,"_bbp_topic_count_hidden":0,"_bbp_reply_count_hidden":0,"_bbp_forum_subforum_count":0,"footnotes":""},"categories":[86,1],"tags":[],"class_list":["post-24269","post","type-post","status-publish","format-standard","has-post-thumbnail","hentry","category-grans","category-portadageneral"],"post_mailing_queue_ids":[],"_links":{"self":[{"href":"https:\/\/agora.xtec.cat\/escolacollserolacerdanyola\/wp-json\/wp\/v2\/posts\/24269","targetHints":{"allow":["GET"]}}],"collection":[{"href":"https:\/\/agora.xtec.cat\/escolacollserolacerdanyola\/wp-json\/wp\/v2\/posts"}],"about":[{"href":"https:\/\/agora.xtec.cat\/escolacollserolacerdanyola\/wp-json\/wp\/v2\/types\/post"}],"author":[{"embeddable":true,"href":"https:\/\/agora.xtec.cat\/escolacollserolacerdanyola\/wp-json\/wp\/v2\/users\/9"}],"replies":[{"embeddable":true,"href":"https:\/\/agora.xtec.cat\/escolacollserolacerdanyola\/wp-json\/wp\/v2\/comments?post=24269"}],"version-history":[{"count":1,"href":"https:\/\/agora.xtec.cat\/escolacollserolacerdanyola\/wp-json\/wp\/v2\/posts\/24269\/revisions"}],"predecessor-version":[{"id":24271,"href":"https:\/\/agora.xtec.cat\/escolacollserolacerdanyola\/wp-json\/wp\/v2\/posts\/24269\/revisions\/24271"}],"wp:featuredmedia":[{"embeddable":true,"href":"https:\/\/agora.xtec.cat\/escolacollserolacerdanyola\/wp-json\/wp\/v2\/media\/24270"}],"wp:attachment":[{"href":"https:\/\/agora.xtec.cat\/escolacollserolacerdanyola\/wp-json\/wp\/v2\/media?parent=24269"}],"wp:term":[{"taxonomy":"category","embeddable":true,"href":"https:\/\/agora.xtec.cat\/escolacollserolacerdanyola\/wp-json\/wp\/v2\/categories?post=24269"},{"taxonomy":"post_tag","embeddable":true,"href":"https:\/\/agora.xtec.cat\/escolacollserolacerdanyola\/wp-json\/wp\/v2\/tags?post=24269"}],"curies":[{"name":"wp","href":"https:\/\/api.w.org\/{rel}","templated":true}]}}