{"id":24228,"date":"2021-05-12T23:42:21","date_gmt":"2021-05-12T21:42:21","guid":{"rendered":"http:\/\/agora.xtec.cat\/escolacollserolacerdanyola\/?p=24228"},"modified":"2021-05-14T23:43:33","modified_gmt":"2021-05-14T21:43:33","slug":"colonies-2n","status":"publish","type":"post","link":"https:\/\/agora.xtec.cat\/escolacollserolacerdanyola\/de-1r-a-6e\/colonies-2n\/","title":{"rendered":"Col\u00f2nies 2n"},"content":{"rendered":"<p>Mireu que b\u00e9 ens ho estem passant!!!\u00a0 \ud83d\ude0a<\/p>\n<p><a href=\"https:\/\/photos.app.goo.gl\/uLU8DoFh922NvtmJ8\">DIA 1<\/a><\/p>\n<p><a href=\"https:\/\/photos.app.goo.gl\/mYwwrWcazBcA4FHa7\">DIA 2<\/a><\/p>\n<p><a href=\"https:\/\/photos.app.goo.gl\/Af5aXHViA9Pnww1Y9\">DIA 3<\/a><\/p>\n<p>Els nens i les nenes de 2n hem viscut uns dies tots plegats plens d&#8217;aventures, diversi\u00f3, esport, ganes de festa, alguns nervis&#8230;Qui divertit \u00e9s anar a visitar els companys de l&#8217;altre habitaci\u00f3, organitzar-nos el nostre espai, dinar tots plegats mentre xarrem de coses v\u00e0ries, jugar a picar de mans, cantar per Pimpinela \ud83d\ude02 &#8230;Ens ho hem passat S\u00daPER GENIAL!!<\/p>\n<p><a href=\"https:\/\/agora.xtec.cat\/escolacollserolacerdanyola\/wp-content\/uploads\/usu1390\/2021\/05\/IMG20210512165907.jpg\"><img loading=\"lazy\" decoding=\"async\" class=\" wp-image-24245 aligncenter\" src=\"https:\/\/agora.xtec.cat\/escolacollserolacerdanyola\/wp-content\/uploads\/usu1390\/2021\/05\/IMG20210512165907-300x219.jpg\" alt=\"\" width=\"322\" height=\"235\" srcset=\"https:\/\/agora.xtec.cat\/escolacollserolacerdanyola\/wp-content\/uploads\/usu1390\/2021\/05\/IMG20210512165907-300x219.jpg 300w, https:\/\/agora.xtec.cat\/escolacollserolacerdanyola\/wp-content\/uploads\/usu1390\/2021\/05\/IMG20210512165907-768x561.jpg 768w, https:\/\/agora.xtec.cat\/escolacollserolacerdanyola\/wp-content\/uploads\/usu1390\/2021\/05\/IMG20210512165907-1024x748.jpg 1024w\" sizes=\"auto, (max-width: 322px) 100vw, 322px\" \/><\/a><\/p>\n<p>&nbsp;<\/p>\n","protected":false},"excerpt":{"rendered":"<p>Mireu que b\u00e9 ens ho estem passant!!!\u00a0 \ud83d\ude0a<br \/>\n<a href=\"https:\/\/photos.app.goo.gl\/uLU8DoFh922NvtmJ8\">DIA 1<\/a><br \/>\n<a href=\"https:\/\/photos.app.goo.gl\/mYwwrWcazBcA4FHa7\">DIA 2<\/a><br \/>\n<a href=\"https:\/\/photos.app.goo.gl\/Af5aXHViA9Pnww1Y9\">DIA 3<\/a><br \/>\nEls nens i les nenes de 2n hem viscut uns dies tots plegats plens d&#8217;aventures, diversi\u00f3, esport, ganes de festa, alguns nervis&#8230;Qui divertit \u00e9s anar a visitar els companys de l&#8217;altre habitaci\u00f3,&hellip;  <a href=\"https:\/\/agora.xtec.cat\/escolacollserolacerdanyola\/de-1r-a-6e\/colonies-2n\/\" title=\"Read Col\u00f2nies 2n\">Llegeix m\u00e9s\u00bb<\/a><\/p>\n","protected":false},"author":7,"featured_media":24279,"comment_status":"open","ping_status":"closed","sticky":false,"template":"","format":"standard","meta":{"_bbp_topic_count":0,"_bbp_reply_count":0,"_bbp_total_topic_count":0,"_bbp_total_reply_count":0,"_bbp_voice_count":0,"_bbp_anonymous_reply_count":0,"_bbp_topic_count_hidden":0,"_bbp_reply_count_hidden":0,"_bbp_forum_subforum_count":0,"footnotes":""},"categories":[11,98,5],"tags":[],"class_list":["post-24228","post","type-post","status-publish","format-standard","has-post-thumbnail","hentry","category-2n","category-colonies","category-de-1r-a-6e"],"post_mailing_queue_ids":[],"_links":{"self":[{"href":"https:\/\/agora.xtec.cat\/escolacollserolacerdanyola\/wp-json\/wp\/v2\/posts\/24228","targetHints":{"allow":["GET"]}}],"collection":[{"href":"https:\/\/agora.xtec.cat\/escolacollserolacerdanyola\/wp-json\/wp\/v2\/posts"}],"about":[{"href":"https:\/\/agora.xtec.cat\/escolacollserolacerdanyola\/wp-json\/wp\/v2\/types\/post"}],"author":[{"embeddable":true,"href":"https:\/\/agora.xtec.cat\/escolacollserolacerdanyola\/wp-json\/wp\/v2\/users\/7"}],"replies":[{"embeddable":true,"href":"https:\/\/agora.xtec.cat\/escolacollserolacerdanyola\/wp-json\/wp\/v2\/comments?post=24228"}],"version-history":[{"count":4,"href":"https:\/\/agora.xtec.cat\/escolacollserolacerdanyola\/wp-json\/wp\/v2\/posts\/24228\/revisions"}],"predecessor-version":[{"id":24281,"href":"https:\/\/agora.xtec.cat\/escolacollserolacerdanyola\/wp-json\/wp\/v2\/posts\/24228\/revisions\/24281"}],"wp:featuredmedia":[{"embeddable":true,"href":"https:\/\/agora.xtec.cat\/escolacollserolacerdanyola\/wp-json\/wp\/v2\/media\/24279"}],"wp:attachment":[{"href":"https:\/\/agora.xtec.cat\/escolacollserolacerdanyola\/wp-json\/wp\/v2\/media?parent=24228"}],"wp:term":[{"taxonomy":"category","embeddable":true,"href":"https:\/\/agora.xtec.cat\/escolacollserolacerdanyola\/wp-json\/wp\/v2\/categories?post=24228"},{"taxonomy":"post_tag","embeddable":true,"href":"https:\/\/agora.xtec.cat\/escolacollserolacerdanyola\/wp-json\/wp\/v2\/tags?post=24228"}],"curies":[{"name":"wp","href":"https:\/\/api.w.org\/{rel}","templated":true}]}}