{"id":24110,"date":"2021-04-25T13:22:47","date_gmt":"2021-04-25T11:22:47","guid":{"rendered":"http:\/\/agora.xtec.cat\/escolacollserolacerdanyola\/?p=24110"},"modified":"2021-04-25T13:38:00","modified_gmt":"2021-04-25T11:38:00","slug":"tarda-de-sant-jordi","status":"publish","type":"post","link":"https:\/\/agora.xtec.cat\/escolacollserolacerdanyola\/ei3-ei4-ei5\/ei3\/tarda-de-sant-jordi\/","title":{"rendered":"Tarda de Sant Jordi"},"content":{"rendered":"<p><a href=\"https:\/\/photos.app.goo.gl\/MUdFVJugEXwAE5fb7\"><img loading=\"lazy\" decoding=\"async\" class=\" wp-image-24111 aligncenter\" src=\"https:\/\/agora.xtec.cat\/escolacollserolacerdanyola\/wp-content\/uploads\/usu1390\/2021\/04\/drac-bloc-300x215.jpg\" alt=\"\" width=\"204\" height=\"146\" srcset=\"https:\/\/agora.xtec.cat\/escolacollserolacerdanyola\/wp-content\/uploads\/usu1390\/2021\/04\/drac-bloc-300x215.jpg 300w, https:\/\/agora.xtec.cat\/escolacollserolacerdanyola\/wp-content\/uploads\/usu1390\/2021\/04\/drac-bloc.jpg 442w\" sizes=\"auto, (max-width: 204px) 100vw, 204px\" \/><\/a>Bon dia fam\u00edlies, us adjuntem fotos de la <a href=\"https:\/\/photos.app.goo.gl\/MUdFVJugEXwAE5fb7\">tarda de Sant Jordi<\/a>. Una tarda on hem pogut gaudir del m\u00f3n dels contes en un rac\u00f3 molt agradable al pati. La m\u00fasica no ha faltat ni les ganes de ballar. Una festa de Sant Jordi de conte on no han faltat dracs, cavallers ni princeses!! Cliqueu al drac i ho podreu veure!!<\/p>\n<p>Gr\u00e0cies per haver participat portant els contes de casa!!<\/p>\n<p>&nbsp;<\/p>\n","protected":false},"excerpt":{"rendered":"<p><a href=\"https:\/\/photos.app.goo.gl\/MUdFVJugEXwAE5fb7\"><\/a>Bon dia fam\u00edlies, us adjuntem fotos de la <a href=\"https:\/\/photos.app.goo.gl\/MUdFVJugEXwAE5fb7\">tarda de Sant Jordi<\/a>. Una tarda on hem pogut gaudir del m\u00f3n dels contes en un rac\u00f3 molt agradable al pati. La m\u00fasica no ha faltat ni les ganes de ballar. Una festa de Sant&hellip;  <a href=\"https:\/\/agora.xtec.cat\/escolacollserolacerdanyola\/ei3-ei4-ei5\/ei3\/tarda-de-sant-jordi\/\" title=\"Read Tarda de Sant Jordi\">Llegeix m\u00e9s\u00bb<\/a><\/p>\n","protected":false},"author":6,"featured_media":24111,"comment_status":"open","ping_status":"closed","sticky":false,"template":"","format":"standard","meta":{"_bbp_topic_count":0,"_bbp_reply_count":0,"_bbp_total_topic_count":0,"_bbp_total_reply_count":0,"_bbp_voice_count":0,"_bbp_anonymous_reply_count":0,"_bbp_topic_count_hidden":0,"_bbp_reply_count_hidden":0,"_bbp_forum_subforum_count":0,"footnotes":""},"categories":[3],"tags":[],"class_list":["post-24110","post","type-post","status-publish","format-standard","has-post-thumbnail","hentry","category-ei3"],"post_mailing_queue_ids":[],"_links":{"self":[{"href":"https:\/\/agora.xtec.cat\/escolacollserolacerdanyola\/wp-json\/wp\/v2\/posts\/24110","targetHints":{"allow":["GET"]}}],"collection":[{"href":"https:\/\/agora.xtec.cat\/escolacollserolacerdanyola\/wp-json\/wp\/v2\/posts"}],"about":[{"href":"https:\/\/agora.xtec.cat\/escolacollserolacerdanyola\/wp-json\/wp\/v2\/types\/post"}],"author":[{"embeddable":true,"href":"https:\/\/agora.xtec.cat\/escolacollserolacerdanyola\/wp-json\/wp\/v2\/users\/6"}],"replies":[{"embeddable":true,"href":"https:\/\/agora.xtec.cat\/escolacollserolacerdanyola\/wp-json\/wp\/v2\/comments?post=24110"}],"version-history":[{"count":3,"href":"https:\/\/agora.xtec.cat\/escolacollserolacerdanyola\/wp-json\/wp\/v2\/posts\/24110\/revisions"}],"predecessor-version":[{"id":24115,"href":"https:\/\/agora.xtec.cat\/escolacollserolacerdanyola\/wp-json\/wp\/v2\/posts\/24110\/revisions\/24115"}],"wp:featuredmedia":[{"embeddable":true,"href":"https:\/\/agora.xtec.cat\/escolacollserolacerdanyola\/wp-json\/wp\/v2\/media\/24111"}],"wp:attachment":[{"href":"https:\/\/agora.xtec.cat\/escolacollserolacerdanyola\/wp-json\/wp\/v2\/media?parent=24110"}],"wp:term":[{"taxonomy":"category","embeddable":true,"href":"https:\/\/agora.xtec.cat\/escolacollserolacerdanyola\/wp-json\/wp\/v2\/categories?post=24110"},{"taxonomy":"post_tag","embeddable":true,"href":"https:\/\/agora.xtec.cat\/escolacollserolacerdanyola\/wp-json\/wp\/v2\/tags?post=24110"}],"curies":[{"name":"wp","href":"https:\/\/api.w.org\/{rel}","templated":true}]}}