{"id":23996,"date":"2021-04-04T14:50:40","date_gmt":"2021-04-04T12:50:40","guid":{"rendered":"http:\/\/agora.xtec.cat\/escolacollserolacerdanyola\/?p=23996"},"modified":"2021-04-04T14:51:57","modified_gmt":"2021-04-04T12:51:57","slug":"racons-de-llengua-2n","status":"publish","type":"post","link":"https:\/\/agora.xtec.cat\/escolacollserolacerdanyola\/de-1r-a-6e\/2n\/racons-de-llengua-2n\/","title":{"rendered":"RACONS DE LLENGUA 2N"},"content":{"rendered":"<p>A\u00a0 la classe dels superherois i les superhero\u00efnes ens agrada molt treballar per racons ja que fent activitats en grup, treballem diferents continguts i a l&#8217;hora passem una estona divertida.<\/p>\n<p>Als racons de llengua tamb\u00e9 fem servir diferents materials i jocs que tenim a la classe.<\/p>\n<p>Al primer trimestre hem treballat la lectura, la lletra d&#8217;imprempta, les s\u00edl\u00b7labes, la conversa, les frases i la comprensi\u00f3, fent servir alguns jocs com en memory i el bingo.<\/p>\n<p>Al segon trimestre hem treballat la comprensi\u00f3 escrita, l&#8217;expressi\u00f3 oral, el vocabulari de l&#8217;hivern i les s\u00edl\u00b7labes, els camps sem\u00e0ntics i l&#8217;expressi\u00f3 escrita fent servir jocs com el &#8220;qui es qui&#8221;, endevinalles, bingo d&#8217;imatges, el joc &#8221; tribits&#8221;&#8230;. i a m\u00e9s a m\u00e9s hem incorporat les tablets per fer activats de comprensi\u00f3 de dites, poemes, frases&#8230;relacionades amb l&#8217;hivern a partir de l&#8217;aplicaci\u00f3 jclic.<\/p>\n<p>Sempre que el bon temps \u2600 ens ho ha perm\u00e8s, hem sortit a l&#8217;espai de l&#8217;entrada de l&#8217;escola per fer les activitats a l&#8217;aire lliure i aix\u00ed canviar una mica de l&#8217;espai de l&#8217;aula.<\/p>\n<p><a href=\"https:\/\/photos.app.goo.gl\/FYMySsGBymM84Bww5\">RACONS DE LLENGUA<\/a><\/p>\n","protected":false},"excerpt":{"rendered":"<p>A\u00a0 la classe dels superherois i les superhero\u00efnes ens agrada molt treballar per racons ja que fent activitats en grup, treballem diferents continguts i a l&#8217;hora passem una estona divertida.<br \/>\nAls racons de llengua tamb\u00e9 fem servir diferents materials i jocs que tenim a la classe.<br \/>\nAl&hellip;  <a href=\"https:\/\/agora.xtec.cat\/escolacollserolacerdanyola\/de-1r-a-6e\/2n\/racons-de-llengua-2n\/\" title=\"Read RACONS DE LLENGUA 2N\">Llegeix m\u00e9s\u00bb<\/a><\/p>\n","protected":false},"author":7,"featured_media":0,"comment_status":"open","ping_status":"closed","sticky":false,"template":"","format":"standard","meta":{"_bbp_topic_count":0,"_bbp_reply_count":0,"_bbp_total_topic_count":0,"_bbp_total_reply_count":0,"_bbp_voice_count":0,"_bbp_anonymous_reply_count":0,"_bbp_topic_count_hidden":0,"_bbp_reply_count_hidden":0,"_bbp_forum_subforum_count":0,"footnotes":""},"categories":[11],"tags":[],"class_list":["post-23996","post","type-post","status-publish","format-standard","hentry","category-2n"],"post_mailing_queue_ids":[],"_links":{"self":[{"href":"https:\/\/agora.xtec.cat\/escolacollserolacerdanyola\/wp-json\/wp\/v2\/posts\/23996","targetHints":{"allow":["GET"]}}],"collection":[{"href":"https:\/\/agora.xtec.cat\/escolacollserolacerdanyola\/wp-json\/wp\/v2\/posts"}],"about":[{"href":"https:\/\/agora.xtec.cat\/escolacollserolacerdanyola\/wp-json\/wp\/v2\/types\/post"}],"author":[{"embeddable":true,"href":"https:\/\/agora.xtec.cat\/escolacollserolacerdanyola\/wp-json\/wp\/v2\/users\/7"}],"replies":[{"embeddable":true,"href":"https:\/\/agora.xtec.cat\/escolacollserolacerdanyola\/wp-json\/wp\/v2\/comments?post=23996"}],"version-history":[{"count":1,"href":"https:\/\/agora.xtec.cat\/escolacollserolacerdanyola\/wp-json\/wp\/v2\/posts\/23996\/revisions"}],"predecessor-version":[{"id":23997,"href":"https:\/\/agora.xtec.cat\/escolacollserolacerdanyola\/wp-json\/wp\/v2\/posts\/23996\/revisions\/23997"}],"wp:attachment":[{"href":"https:\/\/agora.xtec.cat\/escolacollserolacerdanyola\/wp-json\/wp\/v2\/media?parent=23996"}],"wp:term":[{"taxonomy":"category","embeddable":true,"href":"https:\/\/agora.xtec.cat\/escolacollserolacerdanyola\/wp-json\/wp\/v2\/categories?post=23996"},{"taxonomy":"post_tag","embeddable":true,"href":"https:\/\/agora.xtec.cat\/escolacollserolacerdanyola\/wp-json\/wp\/v2\/tags?post=23996"}],"curies":[{"name":"wp","href":"https:\/\/api.w.org\/{rel}","templated":true}]}}