{"id":23988,"date":"2021-04-04T14:08:13","date_gmt":"2021-04-04T12:08:13","guid":{"rendered":"http:\/\/agora.xtec.cat\/escolacollserolacerdanyola\/?p=23988"},"modified":"2021-04-04T14:09:27","modified_gmt":"2021-04-04T12:09:27","slug":"el-planol-del-pati","status":"publish","type":"post","link":"https:\/\/agora.xtec.cat\/escolacollserolacerdanyola\/de-1r-a-6e\/2n\/el-planol-del-pati\/","title":{"rendered":"EL PL\u00c0NOL DEL PATI"},"content":{"rendered":"<p>Les nenes i els nens de la classe de 2n aquest trimestre estem treballant els pl\u00e0nols.<\/p>\n<p>Amb aquest treball ens fixem en les dist\u00e0ncies, els angles, les formes, la ubicaci\u00f3 dels objectes&#8230;\u00a0 i aprenem a fer servir el regle per fer linies rectes i mesurar.<\/p>\n<p>Una de les activitats que hem realitzat ha estat fer un pl\u00e0nol a m\u00e0 al\u00e7ada del pati de dalt.\u00a0 Aprofitant un dia assolejat hem sortit al pati per fer-ho,\u00a0 movent-nos lliurement per tot l&#8217;espai\u00a0 nom\u00e9s amb un full en blanc, un llapis i una goma.<\/p>\n<p>Cadasc\u00fa ha dibuixat el pati segons la seva perpectiva&#8230; ens hem fixat en que una part del pati &#8220;t\u00e9 forma de triangle&#8221;, la pista \u00e9s molt gran i \u00e9s un rectangle, els neum\u00e0tics amb flors vists des de dalt s\u00f3n cercles&#8230;<\/p>\n<p>Aqu\u00ed teniu un recull de fotos de l&#8217;activitat.<\/p>\n<p><a href=\"https:\/\/photos.app.goo.gl\/avL1HhysysVRT5o19\">EL PL\u00c0NOL DEL PATI<\/a><\/p>\n","protected":false},"excerpt":{"rendered":"<p>Les nenes i els nens de la classe de 2n aquest trimestre estem treballant els pl\u00e0nols.<br \/>\nAmb aquest treball ens fixem en les dist\u00e0ncies, els angles, les formes, la ubicaci\u00f3 dels objectes&#8230;\u00a0 i aprenem a fer servir el regle per fer linies rectes i mesurar.<br \/>\nUna de&hellip;  <a href=\"https:\/\/agora.xtec.cat\/escolacollserolacerdanyola\/de-1r-a-6e\/2n\/el-planol-del-pati\/\" title=\"Read EL PL\u00c0NOL DEL PATI\">Llegeix m\u00e9s\u00bb<\/a><\/p>\n","protected":false},"author":7,"featured_media":0,"comment_status":"open","ping_status":"closed","sticky":false,"template":"","format":"standard","meta":{"_bbp_topic_count":0,"_bbp_reply_count":0,"_bbp_total_topic_count":0,"_bbp_total_reply_count":0,"_bbp_voice_count":0,"_bbp_anonymous_reply_count":0,"_bbp_topic_count_hidden":0,"_bbp_reply_count_hidden":0,"_bbp_forum_subforum_count":0,"footnotes":""},"categories":[11],"tags":[],"class_list":["post-23988","post","type-post","status-publish","format-standard","hentry","category-2n"],"post_mailing_queue_ids":[],"_links":{"self":[{"href":"https:\/\/agora.xtec.cat\/escolacollserolacerdanyola\/wp-json\/wp\/v2\/posts\/23988","targetHints":{"allow":["GET"]}}],"collection":[{"href":"https:\/\/agora.xtec.cat\/escolacollserolacerdanyola\/wp-json\/wp\/v2\/posts"}],"about":[{"href":"https:\/\/agora.xtec.cat\/escolacollserolacerdanyola\/wp-json\/wp\/v2\/types\/post"}],"author":[{"embeddable":true,"href":"https:\/\/agora.xtec.cat\/escolacollserolacerdanyola\/wp-json\/wp\/v2\/users\/7"}],"replies":[{"embeddable":true,"href":"https:\/\/agora.xtec.cat\/escolacollserolacerdanyola\/wp-json\/wp\/v2\/comments?post=23988"}],"version-history":[{"count":1,"href":"https:\/\/agora.xtec.cat\/escolacollserolacerdanyola\/wp-json\/wp\/v2\/posts\/23988\/revisions"}],"predecessor-version":[{"id":23989,"href":"https:\/\/agora.xtec.cat\/escolacollserolacerdanyola\/wp-json\/wp\/v2\/posts\/23988\/revisions\/23989"}],"wp:attachment":[{"href":"https:\/\/agora.xtec.cat\/escolacollserolacerdanyola\/wp-json\/wp\/v2\/media?parent=23988"}],"wp:term":[{"taxonomy":"category","embeddable":true,"href":"https:\/\/agora.xtec.cat\/escolacollserolacerdanyola\/wp-json\/wp\/v2\/categories?post=23988"},{"taxonomy":"post_tag","embeddable":true,"href":"https:\/\/agora.xtec.cat\/escolacollserolacerdanyola\/wp-json\/wp\/v2\/tags?post=23988"}],"curies":[{"name":"wp","href":"https:\/\/api.w.org\/{rel}","templated":true}]}}