{"id":23985,"date":"2021-04-04T13:08:54","date_gmt":"2021-04-04T11:08:54","guid":{"rendered":"http:\/\/agora.xtec.cat\/escolacollserolacerdanyola\/?p=23985"},"modified":"2021-04-04T13:31:24","modified_gmt":"2021-04-04T11:31:24","slug":"ef-practiquem-el-tenis","status":"publish","type":"post","link":"https:\/\/agora.xtec.cat\/escolacollserolacerdanyola\/de-1r-a-6e\/2n\/ef-practiquem-el-tenis\/","title":{"rendered":"EF: PRACTIQUEM EL TENIS"},"content":{"rendered":"<p>Aquest trimestre a les sessions d&#8217;educaci\u00f3 f\u00edsica estem practicant amb materials nous.\u00a0Els nens i nenes de 2n hem fet servir raquetes i pilotes de tenis per practicar moltes habilitats: coordinaci\u00f3, equilibri, for\u00e7a&#8230; i ens ho hem passat molt b\u00e9 jugant amb els companys a ser tenistes de veritat!<\/p>\n<p><a href=\"https:\/\/photos.app.goo.gl\/Jh3T82XPBQp5phps6\">PRACTIQUEM EL TENIS<\/a><\/p>\n","protected":false},"excerpt":{"rendered":"<p>Aquest trimestre a les sessions d&#8217;educaci\u00f3 f\u00edsica estem practicant amb materials nous.\u00a0Els nens i nenes de 2n hem fet servir raquetes i pilotes de tenis per practicar moltes habilitats: coordinaci\u00f3, equilibri, for\u00e7a&#8230; i ens ho hem passat molt b\u00e9 jugant amb els companys a ser&hellip;  <a href=\"https:\/\/agora.xtec.cat\/escolacollserolacerdanyola\/de-1r-a-6e\/2n\/ef-practiquem-el-tenis\/\" title=\"Read EF: PRACTIQUEM EL TENIS\">Llegeix m\u00e9s\u00bb<\/a><\/p>\n","protected":false},"author":7,"featured_media":0,"comment_status":"open","ping_status":"closed","sticky":false,"template":"","format":"standard","meta":{"_bbp_topic_count":0,"_bbp_reply_count":0,"_bbp_total_topic_count":0,"_bbp_total_reply_count":0,"_bbp_voice_count":0,"_bbp_anonymous_reply_count":0,"_bbp_topic_count_hidden":0,"_bbp_reply_count_hidden":0,"_bbp_forum_subforum_count":0,"footnotes":""},"categories":[11,268],"tags":[],"class_list":["post-23985","post","type-post","status-publish","format-standard","hentry","category-2n","category-educacio-fisica"],"post_mailing_queue_ids":[],"_links":{"self":[{"href":"https:\/\/agora.xtec.cat\/escolacollserolacerdanyola\/wp-json\/wp\/v2\/posts\/23985","targetHints":{"allow":["GET"]}}],"collection":[{"href":"https:\/\/agora.xtec.cat\/escolacollserolacerdanyola\/wp-json\/wp\/v2\/posts"}],"about":[{"href":"https:\/\/agora.xtec.cat\/escolacollserolacerdanyola\/wp-json\/wp\/v2\/types\/post"}],"author":[{"embeddable":true,"href":"https:\/\/agora.xtec.cat\/escolacollserolacerdanyola\/wp-json\/wp\/v2\/users\/7"}],"replies":[{"embeddable":true,"href":"https:\/\/agora.xtec.cat\/escolacollserolacerdanyola\/wp-json\/wp\/v2\/comments?post=23985"}],"version-history":[{"count":1,"href":"https:\/\/agora.xtec.cat\/escolacollserolacerdanyola\/wp-json\/wp\/v2\/posts\/23985\/revisions"}],"predecessor-version":[{"id":23986,"href":"https:\/\/agora.xtec.cat\/escolacollserolacerdanyola\/wp-json\/wp\/v2\/posts\/23985\/revisions\/23986"}],"wp:attachment":[{"href":"https:\/\/agora.xtec.cat\/escolacollserolacerdanyola\/wp-json\/wp\/v2\/media?parent=23985"}],"wp:term":[{"taxonomy":"category","embeddable":true,"href":"https:\/\/agora.xtec.cat\/escolacollserolacerdanyola\/wp-json\/wp\/v2\/categories?post=23985"},{"taxonomy":"post_tag","embeddable":true,"href":"https:\/\/agora.xtec.cat\/escolacollserolacerdanyola\/wp-json\/wp\/v2\/tags?post=23985"}],"curies":[{"name":"wp","href":"https:\/\/api.w.org\/{rel}","templated":true}]}}