{"id":23983,"date":"2021-04-04T13:01:25","date_gmt":"2021-04-04T11:01:25","guid":{"rendered":"http:\/\/agora.xtec.cat\/escolacollserolacerdanyola\/?p=23983"},"modified":"2021-04-04T13:01:25","modified_gmt":"2021-04-04T11:01:25","slug":"ef-juguem-amb-el-paracaigudes","status":"publish","type":"post","link":"https:\/\/agora.xtec.cat\/escolacollserolacerdanyola\/de-1r-a-6e\/2n\/ef-juguem-amb-el-paracaigudes\/","title":{"rendered":"EF: JUGUEM AMB EL PARACAIGUDES"},"content":{"rendered":"<p>Aquest trimestre les superhero\u00efnes i els superherois hem fet servir un material que ens agrada molt: el paracaigudes. Amb aquest material tant vist\u00f3s treballem l&#8217;atenci\u00f3, la coordinaci\u00f3, el treball en equip&#8230; i ens ho passem genial.<\/p>\n<p>Aqu\u00ed teniu algunes fotos de la sessi\u00f3.<\/p>\n<p><a href=\"https:\/\/photos.app.goo.gl\/JQ1mc2NA7qwCGrFF7\">SESSI\u00d3 PARACAIGUDES<\/a><\/p>\n","protected":false},"excerpt":{"rendered":"<p>Aquest trimestre les superhero\u00efnes i els superherois hem fet servir un material que ens agrada molt: el paracaigudes. Amb aquest material tant vist\u00f3s treballem l&#8217;atenci\u00f3, la coordinaci\u00f3, el treball en equip&#8230; i ens ho passem genial.<br \/>\nAqu\u00ed teniu algunes fotos de la sessi\u00f3.<br \/>\n<a href=\"https:\/\/photos.app.goo.gl\/JQ1mc2NA7qwCGrFF7\">SESSI\u00d3 PARACAIGUDES<\/a><\/p>\n","protected":false},"author":7,"featured_media":0,"comment_status":"open","ping_status":"closed","sticky":false,"template":"","format":"standard","meta":{"_bbp_topic_count":0,"_bbp_reply_count":0,"_bbp_total_topic_count":0,"_bbp_total_reply_count":0,"_bbp_voice_count":0,"_bbp_anonymous_reply_count":0,"_bbp_topic_count_hidden":0,"_bbp_reply_count_hidden":0,"_bbp_forum_subforum_count":0,"footnotes":""},"categories":[11,268],"tags":[],"class_list":["post-23983","post","type-post","status-publish","format-standard","hentry","category-2n","category-educacio-fisica"],"post_mailing_queue_ids":[],"_links":{"self":[{"href":"https:\/\/agora.xtec.cat\/escolacollserolacerdanyola\/wp-json\/wp\/v2\/posts\/23983","targetHints":{"allow":["GET"]}}],"collection":[{"href":"https:\/\/agora.xtec.cat\/escolacollserolacerdanyola\/wp-json\/wp\/v2\/posts"}],"about":[{"href":"https:\/\/agora.xtec.cat\/escolacollserolacerdanyola\/wp-json\/wp\/v2\/types\/post"}],"author":[{"embeddable":true,"href":"https:\/\/agora.xtec.cat\/escolacollserolacerdanyola\/wp-json\/wp\/v2\/users\/7"}],"replies":[{"embeddable":true,"href":"https:\/\/agora.xtec.cat\/escolacollserolacerdanyola\/wp-json\/wp\/v2\/comments?post=23983"}],"version-history":[{"count":1,"href":"https:\/\/agora.xtec.cat\/escolacollserolacerdanyola\/wp-json\/wp\/v2\/posts\/23983\/revisions"}],"predecessor-version":[{"id":23984,"href":"https:\/\/agora.xtec.cat\/escolacollserolacerdanyola\/wp-json\/wp\/v2\/posts\/23983\/revisions\/23984"}],"wp:attachment":[{"href":"https:\/\/agora.xtec.cat\/escolacollserolacerdanyola\/wp-json\/wp\/v2\/media?parent=23983"}],"wp:term":[{"taxonomy":"category","embeddable":true,"href":"https:\/\/agora.xtec.cat\/escolacollserolacerdanyola\/wp-json\/wp\/v2\/categories?post=23983"},{"taxonomy":"post_tag","embeddable":true,"href":"https:\/\/agora.xtec.cat\/escolacollserolacerdanyola\/wp-json\/wp\/v2\/tags?post=23983"}],"curies":[{"name":"wp","href":"https:\/\/api.w.org\/{rel}","templated":true}]}}