{"id":23977,"date":"2021-03-10T11:44:22","date_gmt":"2021-03-10T10:44:22","guid":{"rendered":"http:\/\/agora.xtec.cat\/escolacollserolacerdanyola\/?p=23977"},"modified":"2021-04-04T12:03:21","modified_gmt":"2021-04-04T10:03:21","slug":"8-de-marc-dia-de-la-dona","status":"publish","type":"post","link":"https:\/\/agora.xtec.cat\/escolacollserolacerdanyola\/de-1r-a-6e\/1r\/8-de-marc-dia-de-la-dona\/","title":{"rendered":"8 de mar\u00e7: DIA DE LA DONA"},"content":{"rendered":"<p>El dia 8 de mar\u00e7 \u00e9s el dia internacional de la dona i a l&#8217;escola cada any fem algunes activitats entorn aquest dia.<\/p>\n<p>Els nens i nenes de 1r hem valorat el paper de les dones als diferents oficis que hi ha, donant visibilitat a dones que han tingut un paper important en feines en que habitualment no ho eren.<\/p>\n<p>A 2n hem descobert dones conegudes a nivell mundial que han aportat coneixements importants i han lluitat i lluiten per la igualtat.<\/p>\n<p>A tota l&#8217;escola hem volgut donar import\u00e0ncia a les dones que s\u00f3n fonamentals a la nostra vida tot i que no siguin reconegudes per tothom: les nostres mares, germanes, \u00e0vies, companyes i amigues de classe&#8230; sumant-nos a la iniciativa de les papallones liles.<\/p>\n<p>&nbsp;<\/p>\n<p>Aqu\u00ed teniu un recull de fotos de les activitats realitzades.<\/p>\n<p><a href=\"https:\/\/photos.app.goo.gl\/uPFZXTdR6VH3zLG4A\">1r Activitats 8 de mar\u00e7<\/a><\/p>\n<p><a href=\"https:\/\/photos.app.goo.gl\/Ch5SWgw8XkWydFzK6\">2n.ACTIVITATS 8 DE MAR\u00c7<\/a><\/p>\n<p>&nbsp;<\/p>\n","protected":false},"excerpt":{"rendered":"<p>El dia 8 de mar\u00e7 \u00e9s el dia internacional de la dona i a l&#8217;escola cada any fem algunes activitats entorn aquest dia.<br \/>\nEls nens i nenes de 1r hem valorat el paper de les dones als diferents oficis que hi ha, donant visibilitat a dones&hellip;  <a href=\"https:\/\/agora.xtec.cat\/escolacollserolacerdanyola\/de-1r-a-6e\/1r\/8-de-marc-dia-de-la-dona\/\" title=\"Read 8 de mar\u00e7: DIA DE LA DONA\">Llegeix m\u00e9s\u00bb<\/a><\/p>\n","protected":false},"author":7,"featured_media":0,"comment_status":"open","ping_status":"closed","sticky":false,"template":"","format":"standard","meta":{"_bbp_topic_count":0,"_bbp_reply_count":0,"_bbp_total_topic_count":0,"_bbp_total_reply_count":0,"_bbp_voice_count":0,"_bbp_anonymous_reply_count":0,"_bbp_topic_count_hidden":0,"_bbp_reply_count_hidden":0,"_bbp_forum_subforum_count":0,"footnotes":""},"categories":[10,11],"tags":[],"class_list":["post-23977","post","type-post","status-publish","format-standard","hentry","category-1r","category-2n"],"post_mailing_queue_ids":[],"_links":{"self":[{"href":"https:\/\/agora.xtec.cat\/escolacollserolacerdanyola\/wp-json\/wp\/v2\/posts\/23977","targetHints":{"allow":["GET"]}}],"collection":[{"href":"https:\/\/agora.xtec.cat\/escolacollserolacerdanyola\/wp-json\/wp\/v2\/posts"}],"about":[{"href":"https:\/\/agora.xtec.cat\/escolacollserolacerdanyola\/wp-json\/wp\/v2\/types\/post"}],"author":[{"embeddable":true,"href":"https:\/\/agora.xtec.cat\/escolacollserolacerdanyola\/wp-json\/wp\/v2\/users\/7"}],"replies":[{"embeddable":true,"href":"https:\/\/agora.xtec.cat\/escolacollserolacerdanyola\/wp-json\/wp\/v2\/comments?post=23977"}],"version-history":[{"count":1,"href":"https:\/\/agora.xtec.cat\/escolacollserolacerdanyola\/wp-json\/wp\/v2\/posts\/23977\/revisions"}],"predecessor-version":[{"id":23978,"href":"https:\/\/agora.xtec.cat\/escolacollserolacerdanyola\/wp-json\/wp\/v2\/posts\/23977\/revisions\/23978"}],"wp:attachment":[{"href":"https:\/\/agora.xtec.cat\/escolacollserolacerdanyola\/wp-json\/wp\/v2\/media?parent=23977"}],"wp:term":[{"taxonomy":"category","embeddable":true,"href":"https:\/\/agora.xtec.cat\/escolacollserolacerdanyola\/wp-json\/wp\/v2\/categories?post=23977"},{"taxonomy":"post_tag","embeddable":true,"href":"https:\/\/agora.xtec.cat\/escolacollserolacerdanyola\/wp-json\/wp\/v2\/tags?post=23977"}],"curies":[{"name":"wp","href":"https:\/\/api.w.org\/{rel}","templated":true}]}}