{"id":23936,"date":"2021-03-24T16:27:56","date_gmt":"2021-03-24T15:27:56","guid":{"rendered":"http:\/\/agora.xtec.cat\/escolacollserolacerdanyola\/?p=23936"},"modified":"2021-03-24T16:27:56","modified_gmt":"2021-03-24T15:27:56","slug":"ef-treballem-per-estacions","status":"publish","type":"post","link":"https:\/\/agora.xtec.cat\/escolacollserolacerdanyola\/de-1r-a-6e\/2n\/ef-treballem-per-estacions\/","title":{"rendered":"EF: TREBALLEM PER ESTACIONS"},"content":{"rendered":"<p>El dijous 18 de mar\u00e7, vam fer una sessi\u00f3 de tarda d&#8217;Educaci\u00f3 F\u00edsica. Vam treballar per estacions, el que ens va permetre jugar de manera aut\u00f2noma amb material divers. Va ser una estona molt divertida, agradable i entretinguda!!!<\/p>\n<p><a href=\"https:\/\/photos.app.goo.gl\/PVL7btytfoSRYURr9\"><img loading=\"lazy\" decoding=\"async\" class=\"\" src=\"http:\/\/agora.xtec.cat\/escolamarededeudellledo\/wp-content\/uploads\/usu485\/2015\/11\/dibuix-cap%C3%A7alera.jpg\" alt=\"Educaci\u00f3 F\u00edsica | Escola Mare de D\u00e9u del Lled\u00f3 | P\u00e0gina 3\" width=\"272\" height=\"195\" \/><\/a><\/p>\n","protected":false},"excerpt":{"rendered":"<p>El dijous 18 de mar\u00e7, vam fer una sessi\u00f3 de tarda d&#8217;Educaci\u00f3 F\u00edsica. Vam treballar per estacions, el que ens va permetre jugar de manera aut\u00f2noma amb material divers. Va ser una estona molt divertida, agradable i entretinguda!!!<br \/>\n<a href=\"https:\/\/photos.app.goo.gl\/PVL7btytfoSRYURr9\"><\/a><\/p>\n","protected":false},"author":7,"featured_media":0,"comment_status":"closed","ping_status":"closed","sticky":false,"template":"","format":"standard","meta":{"_bbp_topic_count":0,"_bbp_reply_count":0,"_bbp_total_topic_count":0,"_bbp_total_reply_count":0,"_bbp_voice_count":0,"_bbp_anonymous_reply_count":0,"_bbp_topic_count_hidden":0,"_bbp_reply_count_hidden":0,"_bbp_forum_subforum_count":0,"footnotes":""},"categories":[11,268],"tags":[],"class_list":["post-23936","post","type-post","status-publish","format-standard","hentry","category-2n","category-educacio-fisica"],"post_mailing_queue_ids":[],"_links":{"self":[{"href":"https:\/\/agora.xtec.cat\/escolacollserolacerdanyola\/wp-json\/wp\/v2\/posts\/23936","targetHints":{"allow":["GET"]}}],"collection":[{"href":"https:\/\/agora.xtec.cat\/escolacollserolacerdanyola\/wp-json\/wp\/v2\/posts"}],"about":[{"href":"https:\/\/agora.xtec.cat\/escolacollserolacerdanyola\/wp-json\/wp\/v2\/types\/post"}],"author":[{"embeddable":true,"href":"https:\/\/agora.xtec.cat\/escolacollserolacerdanyola\/wp-json\/wp\/v2\/users\/7"}],"replies":[{"embeddable":true,"href":"https:\/\/agora.xtec.cat\/escolacollserolacerdanyola\/wp-json\/wp\/v2\/comments?post=23936"}],"version-history":[{"count":1,"href":"https:\/\/agora.xtec.cat\/escolacollserolacerdanyola\/wp-json\/wp\/v2\/posts\/23936\/revisions"}],"predecessor-version":[{"id":23937,"href":"https:\/\/agora.xtec.cat\/escolacollserolacerdanyola\/wp-json\/wp\/v2\/posts\/23936\/revisions\/23937"}],"wp:attachment":[{"href":"https:\/\/agora.xtec.cat\/escolacollserolacerdanyola\/wp-json\/wp\/v2\/media?parent=23936"}],"wp:term":[{"taxonomy":"category","embeddable":true,"href":"https:\/\/agora.xtec.cat\/escolacollserolacerdanyola\/wp-json\/wp\/v2\/categories?post=23936"},{"taxonomy":"post_tag","embeddable":true,"href":"https:\/\/agora.xtec.cat\/escolacollserolacerdanyola\/wp-json\/wp\/v2\/tags?post=23936"}],"curies":[{"name":"wp","href":"https:\/\/api.w.org\/{rel}","templated":true}]}}