{"id":23894,"date":"2021-03-17T18:14:48","date_gmt":"2021-03-17T17:14:48","guid":{"rendered":"http:\/\/agora.xtec.cat\/escolacollserolacerdanyola\/?p=23894"},"modified":"2021-03-17T18:14:48","modified_gmt":"2021-03-17T17:14:48","slug":"projecte-jo-vull-ser","status":"publish","type":"post","link":"https:\/\/agora.xtec.cat\/escolacollserolacerdanyola\/de-1r-a-6e\/1r\/projecte-jo-vull-ser\/","title":{"rendered":"Projecte JO VULL SER"},"content":{"rendered":"<p>La classe de les Detectius i els Detectius de 1r, avui hem sortit pel nostre municipi per tal de fer un estudi de camp dels diferents oficis que ens podem trobar en el nostre entorn m\u00e9s proper.<\/p>\n<p>Ens hem dividit en 6 grups de treball. Ens ha agradat molt fer aquesta sortida perqu\u00e8 no ens hav\u00edem adonat de quants oficis diferents hi ha al carrer. Tot just quan pass\u00e0vem per l&#8217;Avinguda Catalunya, la perruquera Maite Montull ha sortit al carrer i ens ha explicat una mica els tipus de raspalls que fa servir per pentinar els nens i nenes que van a la seva perruqueria. I quan an\u00e0vem a buscar la policia local, ens hem trobat al pare de l&#8217;Adriana, l&#8217;Alfred Carri\u00f3n que ens ha dit que si ten\u00edem temps de tornada a l&#8217;escola, ens explicaria alguna cosa de la seva feina.. Ens ha dit que fan revisions metges per saber si els nens i nenes o els adults poden fer esport, o tamb\u00e9 revisions per poder treure&#8217;s el carnet de conduir,&#8230; Molt interessant!!!!<\/p>\n<p>Ha estat un mat\u00ed molt profit\u00f3s i divertit. Aqu\u00ed us deixem unes quantes imatges!!!!<\/p>\n<p><a href=\"https:\/\/photos.app.goo.gl\/eN62GQuATuzszNQe9\">Estudi de camp sobre els oficis.<\/a><\/p>\n","protected":false},"excerpt":{"rendered":"<p>La classe de les Detectius i els Detectius de 1r, avui hem sortit pel nostre municipi per tal de fer un estudi de camp dels diferents oficis que ens podem trobar en el nostre entorn m\u00e9s proper.<br \/>\nEns hem dividit en 6 grups de treball. Ens&hellip;  <a href=\"https:\/\/agora.xtec.cat\/escolacollserolacerdanyola\/de-1r-a-6e\/1r\/projecte-jo-vull-ser\/\" title=\"Read Projecte JO VULL SER\">Llegeix m\u00e9s\u00bb<\/a><\/p>\n","protected":false},"author":7,"featured_media":23898,"comment_status":"open","ping_status":"closed","sticky":false,"template":"","format":"standard","meta":{"_bbp_topic_count":0,"_bbp_reply_count":0,"_bbp_total_topic_count":0,"_bbp_total_reply_count":0,"_bbp_voice_count":0,"_bbp_anonymous_reply_count":0,"_bbp_topic_count_hidden":0,"_bbp_reply_count_hidden":0,"_bbp_forum_subforum_count":0,"footnotes":""},"categories":[10],"tags":[],"class_list":["post-23894","post","type-post","status-publish","format-standard","has-post-thumbnail","hentry","category-1r"],"post_mailing_queue_ids":[],"_links":{"self":[{"href":"https:\/\/agora.xtec.cat\/escolacollserolacerdanyola\/wp-json\/wp\/v2\/posts\/23894","targetHints":{"allow":["GET"]}}],"collection":[{"href":"https:\/\/agora.xtec.cat\/escolacollserolacerdanyola\/wp-json\/wp\/v2\/posts"}],"about":[{"href":"https:\/\/agora.xtec.cat\/escolacollserolacerdanyola\/wp-json\/wp\/v2\/types\/post"}],"author":[{"embeddable":true,"href":"https:\/\/agora.xtec.cat\/escolacollserolacerdanyola\/wp-json\/wp\/v2\/users\/7"}],"replies":[{"embeddable":true,"href":"https:\/\/agora.xtec.cat\/escolacollserolacerdanyola\/wp-json\/wp\/v2\/comments?post=23894"}],"version-history":[{"count":1,"href":"https:\/\/agora.xtec.cat\/escolacollserolacerdanyola\/wp-json\/wp\/v2\/posts\/23894\/revisions"}],"predecessor-version":[{"id":23899,"href":"https:\/\/agora.xtec.cat\/escolacollserolacerdanyola\/wp-json\/wp\/v2\/posts\/23894\/revisions\/23899"}],"wp:featuredmedia":[{"embeddable":true,"href":"https:\/\/agora.xtec.cat\/escolacollserolacerdanyola\/wp-json\/wp\/v2\/media\/23898"}],"wp:attachment":[{"href":"https:\/\/agora.xtec.cat\/escolacollserolacerdanyola\/wp-json\/wp\/v2\/media?parent=23894"}],"wp:term":[{"taxonomy":"category","embeddable":true,"href":"https:\/\/agora.xtec.cat\/escolacollserolacerdanyola\/wp-json\/wp\/v2\/categories?post=23894"},{"taxonomy":"post_tag","embeddable":true,"href":"https:\/\/agora.xtec.cat\/escolacollserolacerdanyola\/wp-json\/wp\/v2\/tags?post=23894"}],"curies":[{"name":"wp","href":"https:\/\/api.w.org\/{rel}","templated":true}]}}