{"id":23882,"date":"2021-03-12T13:23:45","date_gmt":"2021-03-12T12:23:45","guid":{"rendered":"http:\/\/agora.xtec.cat\/escolacollserolacerdanyola\/?p=23882"},"modified":"2021-03-12T13:23:45","modified_gmt":"2021-03-12T12:23:45","slug":"5e-8-de-marc-dia-de-la-dona-treballadora","status":"publish","type":"post","link":"https:\/\/agora.xtec.cat\/escolacollserolacerdanyola\/de-1r-a-6e\/5e\/5e-8-de-marc-dia-de-la-dona-treballadora\/","title":{"rendered":"5\u00e8 8 de mar\u00e7 Dia de la dona treballadora."},"content":{"rendered":"<p>La classe de cinqu\u00e8 va investigar dones de tots els \u00e0mbits que havien fet grans aportacions al m\u00f3n i van fer un poster amb canva o word que hem penjat en aquest mural que veureu, tamb\u00e9 hem fet a papallones liles pel mural i una felicitaci\u00f3 molt especial per la dona dedicada a la dona treballadora que volien.<\/p>\n<p>Tamb\u00e9 hem fet un joc amb les tablets i targetes per descobrir dones importants de la hist\u00f2ria.<\/p>\n<p><a href=\"https:\/\/photos.app.goo.gl\/y8saqRTBVRajD93RA\"><img loading=\"lazy\" decoding=\"async\" class=\"wp-image-23883 aligncenter\" src=\"https:\/\/agora.xtec.cat\/escolacollserolacerdanyola\/wp-content\/uploads\/usu1390\/2021\/03\/mujertrabajadora.jpg\" alt=\"\" width=\"284\" height=\"209\" srcset=\"https:\/\/agora.xtec.cat\/escolacollserolacerdanyola\/wp-content\/uploads\/usu1390\/2021\/03\/mujertrabajadora.jpg 500w, https:\/\/agora.xtec.cat\/escolacollserolacerdanyola\/wp-content\/uploads\/usu1390\/2021\/03\/mujertrabajadora-300x221.jpg 300w\" sizes=\"auto, (max-width: 284px) 100vw, 284px\" \/><\/a><\/p>\n<p>&nbsp;<\/p>\n","protected":false},"excerpt":{"rendered":"<p>La classe de cinqu\u00e8 va investigar dones de tots els \u00e0mbits que havien fet grans aportacions al m\u00f3n i van fer un poster amb canva o word que hem penjat en aquest mural que veureu, tamb\u00e9 hem fet a papallones liles pel mural i una&hellip;  <a href=\"https:\/\/agora.xtec.cat\/escolacollserolacerdanyola\/de-1r-a-6e\/5e\/5e-8-de-marc-dia-de-la-dona-treballadora\/\" title=\"Read 5\u00e8 8 de mar\u00e7 Dia de la dona treballadora.\">Llegeix m\u00e9s\u00bb<\/a><\/p>\n","protected":false},"author":9,"featured_media":23883,"comment_status":"open","ping_status":"closed","sticky":false,"template":"","format":"standard","meta":{"_bbp_topic_count":0,"_bbp_reply_count":0,"_bbp_total_topic_count":0,"_bbp_total_reply_count":0,"_bbp_voice_count":0,"_bbp_anonymous_reply_count":0,"_bbp_topic_count_hidden":0,"_bbp_reply_count_hidden":0,"_bbp_forum_subforum_count":0,"footnotes":""},"categories":[14,86],"tags":[],"class_list":["post-23882","post","type-post","status-publish","format-standard","has-post-thumbnail","hentry","category-5e","category-grans"],"post_mailing_queue_ids":[],"_links":{"self":[{"href":"https:\/\/agora.xtec.cat\/escolacollserolacerdanyola\/wp-json\/wp\/v2\/posts\/23882","targetHints":{"allow":["GET"]}}],"collection":[{"href":"https:\/\/agora.xtec.cat\/escolacollserolacerdanyola\/wp-json\/wp\/v2\/posts"}],"about":[{"href":"https:\/\/agora.xtec.cat\/escolacollserolacerdanyola\/wp-json\/wp\/v2\/types\/post"}],"author":[{"embeddable":true,"href":"https:\/\/agora.xtec.cat\/escolacollserolacerdanyola\/wp-json\/wp\/v2\/users\/9"}],"replies":[{"embeddable":true,"href":"https:\/\/agora.xtec.cat\/escolacollserolacerdanyola\/wp-json\/wp\/v2\/comments?post=23882"}],"version-history":[{"count":1,"href":"https:\/\/agora.xtec.cat\/escolacollserolacerdanyola\/wp-json\/wp\/v2\/posts\/23882\/revisions"}],"predecessor-version":[{"id":23884,"href":"https:\/\/agora.xtec.cat\/escolacollserolacerdanyola\/wp-json\/wp\/v2\/posts\/23882\/revisions\/23884"}],"wp:featuredmedia":[{"embeddable":true,"href":"https:\/\/agora.xtec.cat\/escolacollserolacerdanyola\/wp-json\/wp\/v2\/media\/23883"}],"wp:attachment":[{"href":"https:\/\/agora.xtec.cat\/escolacollserolacerdanyola\/wp-json\/wp\/v2\/media?parent=23882"}],"wp:term":[{"taxonomy":"category","embeddable":true,"href":"https:\/\/agora.xtec.cat\/escolacollserolacerdanyola\/wp-json\/wp\/v2\/categories?post=23882"},{"taxonomy":"post_tag","embeddable":true,"href":"https:\/\/agora.xtec.cat\/escolacollserolacerdanyola\/wp-json\/wp\/v2\/tags?post=23882"}],"curies":[{"name":"wp","href":"https:\/\/api.w.org\/{rel}","templated":true}]}}