{"id":23762,"date":"2021-02-25T17:12:52","date_gmt":"2021-02-25T16:12:52","guid":{"rendered":"http:\/\/agora.xtec.cat\/escolacollserolacerdanyola\/?p=23762"},"modified":"2021-02-25T17:19:35","modified_gmt":"2021-02-25T16:19:35","slug":"informacio-sobre-el-menu-escolar","status":"publish","type":"post","link":"https:\/\/agora.xtec.cat\/escolacollserolacerdanyola\/menu\/informacio-sobre-el-menu-escolar\/","title":{"rendered":"INFORMACI\u00d3 SOBRE EL MEN\u00da ESCOLAR"},"content":{"rendered":"<p>En aquest document s\u2019expliquen els canvis que ha introduit l&#8217;empresa ISS per donar compliment a les recomanacions de la Generalitat De Catalunya en sobre els men\u00fas escolars.<\/p>\n<p>Es tracta d\u2019un document que d\u00f3na recomanacions per adaptar els men\u00fas a les necessitats dels m\u00e9s petits.<\/p>\n<h2><a href=\"https:\/\/agora.xtec.cat\/escolacollserolacerdanyola\/wp-content\/uploads\/usu1390\/2021\/02\/Comunicat-menjadors-ISS-Guies-Alim.-CAT.pdf\">MEN\u00daS ESCOLARS<\/a><\/h2>\n","protected":false},"excerpt":{"rendered":"<p>En aquest document s\u2019expliquen els canvis que ha introduit l&#8217;empresa ISS per donar compliment a les recomanacions de la Generalitat De Catalunya en sobre els men\u00fas escolars.<br \/>\nEs tracta d\u2019un document que d\u00f3na recomanacions per adaptar els men\u00fas a les necessitats dels m\u00e9s petits.<br \/>\n<a href=\"https:\/\/agora.xtec.cat\/escolacollserolacerdanyola\/wp-content\/uploads\/usu1390\/2021\/02\/Comunicat-menjadors-ISS-Guies-Alim.-CAT.pdf\">MEN\u00daS ESCOLARS<\/a><\/p>\n","protected":false},"author":24,"featured_media":0,"comment_status":"open","ping_status":"closed","sticky":false,"template":"","format":"standard","meta":{"_bbp_topic_count":0,"_bbp_reply_count":0,"_bbp_total_topic_count":0,"_bbp_total_reply_count":0,"_bbp_voice_count":0,"_bbp_anonymous_reply_count":0,"_bbp_topic_count_hidden":0,"_bbp_reply_count_hidden":0,"_bbp_forum_subforum_count":0,"footnotes":""},"categories":[329],"tags":[],"class_list":["post-23762","post","type-post","status-publish","format-standard","hentry","category-menu"],"post_mailing_queue_ids":[],"_links":{"self":[{"href":"https:\/\/agora.xtec.cat\/escolacollserolacerdanyola\/wp-json\/wp\/v2\/posts\/23762","targetHints":{"allow":["GET"]}}],"collection":[{"href":"https:\/\/agora.xtec.cat\/escolacollserolacerdanyola\/wp-json\/wp\/v2\/posts"}],"about":[{"href":"https:\/\/agora.xtec.cat\/escolacollserolacerdanyola\/wp-json\/wp\/v2\/types\/post"}],"author":[{"embeddable":true,"href":"https:\/\/agora.xtec.cat\/escolacollserolacerdanyola\/wp-json\/wp\/v2\/users\/24"}],"replies":[{"embeddable":true,"href":"https:\/\/agora.xtec.cat\/escolacollserolacerdanyola\/wp-json\/wp\/v2\/comments?post=23762"}],"version-history":[{"count":1,"href":"https:\/\/agora.xtec.cat\/escolacollserolacerdanyola\/wp-json\/wp\/v2\/posts\/23762\/revisions"}],"predecessor-version":[{"id":23763,"href":"https:\/\/agora.xtec.cat\/escolacollserolacerdanyola\/wp-json\/wp\/v2\/posts\/23762\/revisions\/23763"}],"wp:attachment":[{"href":"https:\/\/agora.xtec.cat\/escolacollserolacerdanyola\/wp-json\/wp\/v2\/media?parent=23762"}],"wp:term":[{"taxonomy":"category","embeddable":true,"href":"https:\/\/agora.xtec.cat\/escolacollserolacerdanyola\/wp-json\/wp\/v2\/categories?post=23762"},{"taxonomy":"post_tag","embeddable":true,"href":"https:\/\/agora.xtec.cat\/escolacollserolacerdanyola\/wp-json\/wp\/v2\/tags?post=23762"}],"curies":[{"name":"wp","href":"https:\/\/api.w.org\/{rel}","templated":true}]}}