{"id":23552,"date":"2021-02-15T11:55:05","date_gmt":"2021-02-15T10:55:05","guid":{"rendered":"http:\/\/agora.xtec.cat\/escolacollserolacerdanyola\/?p=23552"},"modified":"2021-02-15T12:04:46","modified_gmt":"2021-02-15T11:04:46","slug":"divendres-tarda-de-carnestoltes-a-p-3","status":"publish","type":"post","link":"https:\/\/agora.xtec.cat\/escolacollserolacerdanyola\/ei3-ei4-ei5\/ei3\/divendres-tarda-de-carnestoltes-a-p-3\/","title":{"rendered":"DIVENDRES &#8211; Tarda de Carnestoltes a P-3"},"content":{"rendered":"<p><a href=\"https:\/\/photos.app.goo.gl\/E8CtYzyf1aRoEKzc9\"><img loading=\"lazy\" decoding=\"async\" class=\"alignnone size-medium wp-image-23556\" src=\"https:\/\/agora.xtec.cat\/escolacollserolacerdanyola\/wp-content\/uploads\/usu1390\/2021\/02\/IMG_4117-300x225.jpg\" alt=\"\" width=\"300\" height=\"225\" srcset=\"https:\/\/agora.xtec.cat\/escolacollserolacerdanyola\/wp-content\/uploads\/usu1390\/2021\/02\/IMG_4117-300x225.jpg 300w, https:\/\/agora.xtec.cat\/escolacollserolacerdanyola\/wp-content\/uploads\/usu1390\/2021\/02\/IMG_4117-768x576.jpg 768w, https:\/\/agora.xtec.cat\/escolacollserolacerdanyola\/wp-content\/uploads\/usu1390\/2021\/02\/IMG_4117-1024x768.jpg 1024w, https:\/\/agora.xtec.cat\/escolacollserolacerdanyola\/wp-content\/uploads\/usu1390\/2021\/02\/IMG_4117-200x150.jpg 200w\" sizes=\"auto, (max-width: 300px) 100vw, 300px\" \/><\/a><\/p>\n<p>Ara si&#8230; HA ARRIBAT LA FESTA DE CARNESTOLTES!!!! Mireu que bonics i boniques hem vingut a l&#8217;escola!! Hi havia princeses, superherois, animals, personatges&#8230; Perqu\u00e8 per carnaval, tot s&#8217;hi val!! Estem molt contents perqu\u00e8 finalment, el temps ens ha perm\u00e9s reunir-nos a la pista per celebrar la tarda de carnestoltes, amb la resta de companys i companyes (amb totes les mesures). Els abanderats (la Chloe D. i en Lucas) han pogut desfilar amb la nostra bandera, i tot el grup dels gats i les gates hem ballat la can\u00e7\u00f3 de &#8220;Happy&#8221;. Ens ha sortit molt b\u00e9!! Finalment, hem acomiadat el Rei Carnestoltes fins l&#8217;any vinent. Ha estat una tarda plena d&#8217;emocions. Voleu compartir-la amb nosaltres? Cliqueu sobre la imatge.<\/p>\n","protected":false},"excerpt":{"rendered":"<p><a href=\"https:\/\/photos.app.goo.gl\/E8CtYzyf1aRoEKzc9\"><\/a><br \/>\nAra si&#8230; HA ARRIBAT LA FESTA DE CARNESTOLTES!!!! Mireu que bonics i boniques hem vingut a l&#8217;escola!! Hi havia princeses, superherois, animals, personatges&#8230; Perqu\u00e8 per carnaval, tot s&#8217;hi val!! Estem molt contents perqu\u00e8 finalment, el temps ens ha perm\u00e9s reunir-nos a la pista per&hellip;  <a href=\"https:\/\/agora.xtec.cat\/escolacollserolacerdanyola\/ei3-ei4-ei5\/ei3\/divendres-tarda-de-carnestoltes-a-p-3\/\" title=\"Read DIVENDRES &#8211; Tarda de Carnestoltes a P-3\">Llegeix m\u00e9s\u00bb<\/a><\/p>\n","protected":false},"author":6,"featured_media":23556,"comment_status":"open","ping_status":"closed","sticky":false,"template":"","format":"standard","meta":{"_bbp_topic_count":0,"_bbp_reply_count":0,"_bbp_total_topic_count":0,"_bbp_total_reply_count":0,"_bbp_voice_count":0,"_bbp_anonymous_reply_count":0,"_bbp_topic_count_hidden":0,"_bbp_reply_count_hidden":0,"_bbp_forum_subforum_count":0,"footnotes":""},"categories":[3],"tags":[],"class_list":["post-23552","post","type-post","status-publish","format-standard","has-post-thumbnail","hentry","category-ei3"],"post_mailing_queue_ids":[],"_links":{"self":[{"href":"https:\/\/agora.xtec.cat\/escolacollserolacerdanyola\/wp-json\/wp\/v2\/posts\/23552","targetHints":{"allow":["GET"]}}],"collection":[{"href":"https:\/\/agora.xtec.cat\/escolacollserolacerdanyola\/wp-json\/wp\/v2\/posts"}],"about":[{"href":"https:\/\/agora.xtec.cat\/escolacollserolacerdanyola\/wp-json\/wp\/v2\/types\/post"}],"author":[{"embeddable":true,"href":"https:\/\/agora.xtec.cat\/escolacollserolacerdanyola\/wp-json\/wp\/v2\/users\/6"}],"replies":[{"embeddable":true,"href":"https:\/\/agora.xtec.cat\/escolacollserolacerdanyola\/wp-json\/wp\/v2\/comments?post=23552"}],"version-history":[{"count":2,"href":"https:\/\/agora.xtec.cat\/escolacollserolacerdanyola\/wp-json\/wp\/v2\/posts\/23552\/revisions"}],"predecessor-version":[{"id":23557,"href":"https:\/\/agora.xtec.cat\/escolacollserolacerdanyola\/wp-json\/wp\/v2\/posts\/23552\/revisions\/23557"}],"wp:featuredmedia":[{"embeddable":true,"href":"https:\/\/agora.xtec.cat\/escolacollserolacerdanyola\/wp-json\/wp\/v2\/media\/23556"}],"wp:attachment":[{"href":"https:\/\/agora.xtec.cat\/escolacollserolacerdanyola\/wp-json\/wp\/v2\/media?parent=23552"}],"wp:term":[{"taxonomy":"category","embeddable":true,"href":"https:\/\/agora.xtec.cat\/escolacollserolacerdanyola\/wp-json\/wp\/v2\/categories?post=23552"},{"taxonomy":"post_tag","embeddable":true,"href":"https:\/\/agora.xtec.cat\/escolacollserolacerdanyola\/wp-json\/wp\/v2\/tags?post=23552"}],"curies":[{"name":"wp","href":"https:\/\/api.w.org\/{rel}","templated":true}]}}