{"id":23448,"date":"2021-02-11T22:41:00","date_gmt":"2021-02-11T21:41:00","guid":{"rendered":"http:\/\/agora.xtec.cat\/escolacollserolacerdanyola\/?p=23448"},"modified":"2021-02-11T23:05:41","modified_gmt":"2021-02-11T22:05:41","slug":"dijous-guarnim-les-mascares-a-p-3","status":"publish","type":"post","link":"https:\/\/agora.xtec.cat\/escolacollserolacerdanyola\/ei3-ei4-ei5\/ei3\/dijous-guarnim-les-mascares-a-p-3\/","title":{"rendered":"DIJOUS &#8211; Guarnim les m\u00e0scares a P-3"},"content":{"rendered":"<p><a href=\"https:\/\/photos.app.goo.gl\/SLZ8Vxikp2ADKVPJ8\"><img loading=\"lazy\" decoding=\"async\" class=\"alignnone size-medium wp-image-23449\" src=\"https:\/\/agora.xtec.cat\/escolacollserolacerdanyola\/wp-content\/uploads\/usu1390\/2021\/02\/Archivo_005-1-300x225.jpeg\" alt=\"\" width=\"300\" height=\"225\" srcset=\"https:\/\/agora.xtec.cat\/escolacollserolacerdanyola\/wp-content\/uploads\/usu1390\/2021\/02\/Archivo_005-1-300x225.jpeg 300w, https:\/\/agora.xtec.cat\/escolacollserolacerdanyola\/wp-content\/uploads\/usu1390\/2021\/02\/Archivo_005-1-768x576.jpeg 768w, https:\/\/agora.xtec.cat\/escolacollserolacerdanyola\/wp-content\/uploads\/usu1390\/2021\/02\/Archivo_005-1-1024x768.jpeg 1024w, https:\/\/agora.xtec.cat\/escolacollserolacerdanyola\/wp-content\/uploads\/usu1390\/2021\/02\/Archivo_005-1-200x150.jpeg 200w\" sizes=\"auto, (max-width: 300px) 100vw, 300px\" \/><\/a><\/p>\n<p>Hola mares i pares! Avui hem arribat a l&#8217;escola amb els cabells de molts colors! I ara que les m\u00e0scares que vam fer dimarts ja s&#8217;han assecat b\u00e9, les hem decorat amb materials ben lluents i ens han quedat molt boniques i divertides. Heu vist amb quines cares d&#8217;alegria marx\u00e0vem avui amb les m\u00e0scares posades? Qu\u00e8 us han semblat? Si voleu veure-les totes, cliqueu a la fotografia i gaudiu!<\/p>\n","protected":false},"excerpt":{"rendered":"<p><a href=\"https:\/\/photos.app.goo.gl\/SLZ8Vxikp2ADKVPJ8\"><\/a><br \/>\nHola mares i pares! Avui hem arribat a l&#8217;escola amb els cabells de molts colors! I ara que les m\u00e0scares que vam fer dimarts ja s&#8217;han assecat b\u00e9, les hem decorat amb materials ben lluents i ens han quedat molt boniques i divertides. Heu&hellip;  <a href=\"https:\/\/agora.xtec.cat\/escolacollserolacerdanyola\/ei3-ei4-ei5\/ei3\/dijous-guarnim-les-mascares-a-p-3\/\" title=\"Read DIJOUS &#8211; Guarnim les m\u00e0scares a P-3\">Llegeix m\u00e9s\u00bb<\/a><\/p>\n","protected":false},"author":6,"featured_media":23449,"comment_status":"open","ping_status":"closed","sticky":false,"template":"","format":"standard","meta":{"_bbp_topic_count":0,"_bbp_reply_count":0,"_bbp_total_topic_count":0,"_bbp_total_reply_count":0,"_bbp_voice_count":0,"_bbp_anonymous_reply_count":0,"_bbp_topic_count_hidden":0,"_bbp_reply_count_hidden":0,"_bbp_forum_subforum_count":0,"footnotes":""},"categories":[3],"tags":[],"class_list":["post-23448","post","type-post","status-publish","format-standard","has-post-thumbnail","hentry","category-ei3"],"post_mailing_queue_ids":[],"_links":{"self":[{"href":"https:\/\/agora.xtec.cat\/escolacollserolacerdanyola\/wp-json\/wp\/v2\/posts\/23448","targetHints":{"allow":["GET"]}}],"collection":[{"href":"https:\/\/agora.xtec.cat\/escolacollserolacerdanyola\/wp-json\/wp\/v2\/posts"}],"about":[{"href":"https:\/\/agora.xtec.cat\/escolacollserolacerdanyola\/wp-json\/wp\/v2\/types\/post"}],"author":[{"embeddable":true,"href":"https:\/\/agora.xtec.cat\/escolacollserolacerdanyola\/wp-json\/wp\/v2\/users\/6"}],"replies":[{"embeddable":true,"href":"https:\/\/agora.xtec.cat\/escolacollserolacerdanyola\/wp-json\/wp\/v2\/comments?post=23448"}],"version-history":[{"count":2,"href":"https:\/\/agora.xtec.cat\/escolacollserolacerdanyola\/wp-json\/wp\/v2\/posts\/23448\/revisions"}],"predecessor-version":[{"id":23457,"href":"https:\/\/agora.xtec.cat\/escolacollserolacerdanyola\/wp-json\/wp\/v2\/posts\/23448\/revisions\/23457"}],"wp:featuredmedia":[{"embeddable":true,"href":"https:\/\/agora.xtec.cat\/escolacollserolacerdanyola\/wp-json\/wp\/v2\/media\/23449"}],"wp:attachment":[{"href":"https:\/\/agora.xtec.cat\/escolacollserolacerdanyola\/wp-json\/wp\/v2\/media?parent=23448"}],"wp:term":[{"taxonomy":"category","embeddable":true,"href":"https:\/\/agora.xtec.cat\/escolacollserolacerdanyola\/wp-json\/wp\/v2\/categories?post=23448"},{"taxonomy":"post_tag","embeddable":true,"href":"https:\/\/agora.xtec.cat\/escolacollserolacerdanyola\/wp-json\/wp\/v2\/tags?post=23448"}],"curies":[{"name":"wp","href":"https:\/\/api.w.org\/{rel}","templated":true}]}}