{"id":23377,"date":"2021-02-10T22:06:15","date_gmt":"2021-02-10T21:06:15","guid":{"rendered":"http:\/\/agora.xtec.cat\/escolacollserolacerdanyola\/?p=23377"},"modified":"2021-02-10T22:15:07","modified_gmt":"2021-02-10T21:15:07","slug":"mascares-de-carnestoltes-a-p-3","status":"publish","type":"post","link":"https:\/\/agora.xtec.cat\/escolacollserolacerdanyola\/ei3-ei4-ei5\/ei3\/mascares-de-carnestoltes-a-p-3\/","title":{"rendered":"DIMARTS &#8211; M\u00e0scares de Carnestoltes a P-3"},"content":{"rendered":"<p><a href=\"https:\/\/photos.app.goo.gl\/FCP5QBJ4TxZyrYxQ6\"><img loading=\"lazy\" decoding=\"async\" class=\"alignnone size-medium wp-image-23378\" src=\"https:\/\/agora.xtec.cat\/escolacollserolacerdanyola\/wp-content\/uploads\/usu1390\/2021\/02\/Archivo_000-7-300x225.jpeg\" alt=\"\" width=\"300\" height=\"225\" srcset=\"https:\/\/agora.xtec.cat\/escolacollserolacerdanyola\/wp-content\/uploads\/usu1390\/2021\/02\/Archivo_000-7-300x225.jpeg 300w, https:\/\/agora.xtec.cat\/escolacollserolacerdanyola\/wp-content\/uploads\/usu1390\/2021\/02\/Archivo_000-7-768x576.jpeg 768w, https:\/\/agora.xtec.cat\/escolacollserolacerdanyola\/wp-content\/uploads\/usu1390\/2021\/02\/Archivo_000-7-1024x768.jpeg 1024w, https:\/\/agora.xtec.cat\/escolacollserolacerdanyola\/wp-content\/uploads\/usu1390\/2021\/02\/Archivo_000-7-200x150.jpeg 200w\" sizes=\"auto, (max-width: 300px) 100vw, 300px\" \/><\/a><\/p>\n<p>Aquesta tarda els gats i les gates hem utilitzat la t\u00e8cnica de la simetria per fer-nos unes m\u00e0scares de carnestoltes d&#8217;all\u00f2 m\u00e9s xules! Nom\u00e9s cal doblegar un full per la meitat, posar-hi unes gotetes de pintura i.. M\u00c0GIA!! Han quedat precioses, per\u00f2 espereu&#8230; Encara no estan acabades! Dijous veureu el resultat final \ud83d\ude42<\/p>\n","protected":false},"excerpt":{"rendered":"<p><a href=\"https:\/\/photos.app.goo.gl\/FCP5QBJ4TxZyrYxQ6\"><\/a><br \/>\nAquesta tarda els gats i les gates hem utilitzat la t\u00e8cnica de la simetria per fer-nos unes m\u00e0scares de carnestoltes d&#8217;all\u00f2 m\u00e9s xules! Nom\u00e9s cal doblegar un full per la meitat, posar-hi unes gotetes de pintura i.. M\u00c0GIA!! Han quedat precioses, per\u00f2 espereu&#8230; Encara&hellip;  <a href=\"https:\/\/agora.xtec.cat\/escolacollserolacerdanyola\/ei3-ei4-ei5\/ei3\/mascares-de-carnestoltes-a-p-3\/\" title=\"Read DIMARTS &#8211; M\u00e0scares de Carnestoltes a P-3\">Llegeix m\u00e9s\u00bb<\/a><\/p>\n","protected":false},"author":6,"featured_media":23378,"comment_status":"open","ping_status":"closed","sticky":false,"template":"","format":"standard","meta":{"_bbp_topic_count":0,"_bbp_reply_count":0,"_bbp_total_topic_count":0,"_bbp_total_reply_count":0,"_bbp_voice_count":0,"_bbp_anonymous_reply_count":0,"_bbp_topic_count_hidden":0,"_bbp_reply_count_hidden":0,"_bbp_forum_subforum_count":0,"footnotes":""},"categories":[3],"tags":[],"class_list":["post-23377","post","type-post","status-publish","format-standard","has-post-thumbnail","hentry","category-ei3"],"post_mailing_queue_ids":[],"_links":{"self":[{"href":"https:\/\/agora.xtec.cat\/escolacollserolacerdanyola\/wp-json\/wp\/v2\/posts\/23377","targetHints":{"allow":["GET"]}}],"collection":[{"href":"https:\/\/agora.xtec.cat\/escolacollserolacerdanyola\/wp-json\/wp\/v2\/posts"}],"about":[{"href":"https:\/\/agora.xtec.cat\/escolacollserolacerdanyola\/wp-json\/wp\/v2\/types\/post"}],"author":[{"embeddable":true,"href":"https:\/\/agora.xtec.cat\/escolacollserolacerdanyola\/wp-json\/wp\/v2\/users\/6"}],"replies":[{"embeddable":true,"href":"https:\/\/agora.xtec.cat\/escolacollserolacerdanyola\/wp-json\/wp\/v2\/comments?post=23377"}],"version-history":[{"count":2,"href":"https:\/\/agora.xtec.cat\/escolacollserolacerdanyola\/wp-json\/wp\/v2\/posts\/23377\/revisions"}],"predecessor-version":[{"id":23386,"href":"https:\/\/agora.xtec.cat\/escolacollserolacerdanyola\/wp-json\/wp\/v2\/posts\/23377\/revisions\/23386"}],"wp:featuredmedia":[{"embeddable":true,"href":"https:\/\/agora.xtec.cat\/escolacollserolacerdanyola\/wp-json\/wp\/v2\/media\/23378"}],"wp:attachment":[{"href":"https:\/\/agora.xtec.cat\/escolacollserolacerdanyola\/wp-json\/wp\/v2\/media?parent=23377"}],"wp:term":[{"taxonomy":"category","embeddable":true,"href":"https:\/\/agora.xtec.cat\/escolacollserolacerdanyola\/wp-json\/wp\/v2\/categories?post=23377"},{"taxonomy":"post_tag","embeddable":true,"href":"https:\/\/agora.xtec.cat\/escolacollserolacerdanyola\/wp-json\/wp\/v2\/tags?post=23377"}],"curies":[{"name":"wp","href":"https:\/\/api.w.org\/{rel}","templated":true}]}}