{"id":23293,"date":"2021-02-08T19:47:25","date_gmt":"2021-02-08T18:47:25","guid":{"rendered":"http:\/\/agora.xtec.cat\/escolacollserolacerdanyola\/?p=23293"},"modified":"2021-02-10T22:29:38","modified_gmt":"2021-02-10T21:29:38","slug":"disfressem-les-nostres-cares","status":"publish","type":"post","link":"https:\/\/agora.xtec.cat\/escolacollserolacerdanyola\/ei3-ei4-ei5\/ei3\/disfressem-les-nostres-cares\/","title":{"rendered":"DILLUNS &#8211; Disfressem les nostres cares a P-3"},"content":{"rendered":"<p>Les Jornades han comen\u00e7at amb molta gresca, ja que ens hem disfressat la nostra cara i han quedat s\u00faper divertides!! Els nens i les nenes de la classe s\u2019han disfressat tan b\u00e9 que, fins i tot, costa recon\u00e8ixer de qui \u00e9s cada foto. Mireu-les molt detingudament i a veure si descobriu qui est\u00e0 darrera de cada disfressa. Cliqueu a sobre de la seg\u00fcent imatge i teniu garantida una estona de molta diversi\u00f3 en compayia dels vostres fills\/es.<\/p>\n<p><a href=\"https:\/\/photos.app.goo.gl\/EArty8etwU3KNVAw6\"><img loading=\"lazy\" decoding=\"async\" class=\"size-medium wp-image-23294 aligncenter\" src=\"https:\/\/agora.xtec.cat\/escolacollserolacerdanyola\/wp-content\/uploads\/usu1390\/2021\/02\/foto-portada-mickey-219x300.jpg\" alt=\"\" width=\"219\" height=\"300\" srcset=\"https:\/\/agora.xtec.cat\/escolacollserolacerdanyola\/wp-content\/uploads\/usu1390\/2021\/02\/foto-portada-mickey-219x300.jpg 219w, https:\/\/agora.xtec.cat\/escolacollserolacerdanyola\/wp-content\/uploads\/usu1390\/2021\/02\/foto-portada-mickey.jpg 276w\" sizes=\"auto, (max-width: 219px) 100vw, 219px\" \/><\/a><\/p>\n","protected":false},"excerpt":{"rendered":"<p>Les Jornades han comen\u00e7at amb molta gresca, ja que ens hem disfressat la nostra cara i han quedat s\u00faper divertides!! Els nens i les nenes de la classe s\u2019han disfressat tan b\u00e9 que, fins i tot, costa recon\u00e8ixer de qui \u00e9s cada foto. Mireu-les molt&hellip;  <a href=\"https:\/\/agora.xtec.cat\/escolacollserolacerdanyola\/ei3-ei4-ei5\/ei3\/disfressem-les-nostres-cares\/\" title=\"Read DILLUNS &#8211; Disfressem les nostres cares a P-3\">Llegeix m\u00e9s\u00bb<\/a><\/p>\n","protected":false},"author":6,"featured_media":23294,"comment_status":"open","ping_status":"closed","sticky":false,"template":"","format":"standard","meta":{"_bbp_topic_count":0,"_bbp_reply_count":0,"_bbp_total_topic_count":0,"_bbp_total_reply_count":0,"_bbp_voice_count":0,"_bbp_anonymous_reply_count":0,"_bbp_topic_count_hidden":0,"_bbp_reply_count_hidden":0,"_bbp_forum_subforum_count":0,"footnotes":""},"categories":[3],"tags":[],"class_list":["post-23293","post","type-post","status-publish","format-standard","has-post-thumbnail","hentry","category-ei3"],"post_mailing_queue_ids":[],"_links":{"self":[{"href":"https:\/\/agora.xtec.cat\/escolacollserolacerdanyola\/wp-json\/wp\/v2\/posts\/23293","targetHints":{"allow":["GET"]}}],"collection":[{"href":"https:\/\/agora.xtec.cat\/escolacollserolacerdanyola\/wp-json\/wp\/v2\/posts"}],"about":[{"href":"https:\/\/agora.xtec.cat\/escolacollserolacerdanyola\/wp-json\/wp\/v2\/types\/post"}],"author":[{"embeddable":true,"href":"https:\/\/agora.xtec.cat\/escolacollserolacerdanyola\/wp-json\/wp\/v2\/users\/6"}],"replies":[{"embeddable":true,"href":"https:\/\/agora.xtec.cat\/escolacollserolacerdanyola\/wp-json\/wp\/v2\/comments?post=23293"}],"version-history":[{"count":2,"href":"https:\/\/agora.xtec.cat\/escolacollserolacerdanyola\/wp-json\/wp\/v2\/posts\/23293\/revisions"}],"predecessor-version":[{"id":23394,"href":"https:\/\/agora.xtec.cat\/escolacollserolacerdanyola\/wp-json\/wp\/v2\/posts\/23293\/revisions\/23394"}],"wp:featuredmedia":[{"embeddable":true,"href":"https:\/\/agora.xtec.cat\/escolacollserolacerdanyola\/wp-json\/wp\/v2\/media\/23294"}],"wp:attachment":[{"href":"https:\/\/agora.xtec.cat\/escolacollserolacerdanyola\/wp-json\/wp\/v2\/media?parent=23293"}],"wp:term":[{"taxonomy":"category","embeddable":true,"href":"https:\/\/agora.xtec.cat\/escolacollserolacerdanyola\/wp-json\/wp\/v2\/categories?post=23293"},{"taxonomy":"post_tag","embeddable":true,"href":"https:\/\/agora.xtec.cat\/escolacollserolacerdanyola\/wp-json\/wp\/v2\/tags?post=23293"}],"curies":[{"name":"wp","href":"https:\/\/api.w.org\/{rel}","templated":true}]}}