{"id":23113,"date":"2021-02-03T20:59:58","date_gmt":"2021-02-03T19:59:58","guid":{"rendered":"http:\/\/agora.xtec.cat\/escolacollserolacerdanyola\/?p=23113"},"modified":"2021-02-04T20:53:40","modified_gmt":"2021-02-04T19:53:40","slug":"5e-xerrada-contrastos-de-lindia","status":"publish","type":"post","link":"https:\/\/agora.xtec.cat\/escolacollserolacerdanyola\/de-1r-a-6e\/5e\/5e-xerrada-contrastos-de-lindia\/","title":{"rendered":"5\u00e8 Xerrada: Contrastos de l&#8217;\u00cdndia"},"content":{"rendered":"<p><img loading=\"lazy\" decoding=\"async\" class=\"alignleft\" style=\"border: 5px outset blue;\" src=\"\/\/agora.xtec.cat\/escolacollserolacerdanyola\/wp-content\/uploads\/usu1390\/2021\/02\/Dibuix-1.jpg\" alt=\"L'\u00cdndia\" width=\"418\" height=\"591\" \/><\/p>\n<h3><strong>L&#8217;\u00cdndia \u00e9s un pa\u00eds divers i ca\u00f2tic, amb una societat empobrida malgrat el r\u00e0pid creixement econ\u00f2mic dels \u00faltims anys<\/strong><\/h3>\n<p style=\"text-align: justify;\">L&#8217;\u00cdndia \u00e9s un pa\u00eds de contrastos, per exemple, \u00e9s un pa\u00eds ric que desenvolupa alta tecnologia per a ordinadors i m\u00f2bils, i alhora \u00e9s un pa\u00eds pobre on gran part dels nens i nenes no poden anar a l&#8217;escola o menjar tres cops al dia.<\/p>\n<p style=\"text-align: justify;\">Tamb\u00e9 \u00e9s un pa\u00eds que t\u00e9 grans f\u00e0briques de medicines (l&#8217;\u00cdndia \u00e9s un dels principals fabricants de gen\u00e8rics), per\u00f2 simult\u00e0niament una gran part de la poblaci\u00f3 no t\u00e9 recursos per poder anar al metge.<\/p>\n<p style=\"text-align: justify;\">A m\u00e9s, a les grans ciutats hi ha unes zones que tenen grans edificis moderns, i unes altres amb cases fetes de materials que ning\u00fa vol, on les persones no tenen pr\u00e0cticament res i els nens i les nenes han de treballar per ajudar les seves fam\u00edlies.<\/p>\n<p style=\"text-align: justify;\">A trav\u00e9s de diferents fotografies i audiovisuals ens hem apropat al coneixement de la realitat de l&#8217;\u00cdndia rural i el treball que duu a terme la Fundaci\u00f3 Vicente Ferrer.<\/p>\n<p style=\"text-align: justify;\"><img loading=\"lazy\" decoding=\"async\" class=\"alignleft\" src=\"https:\/\/www.sabadell.cat\/images\/ciutat\/valors\/ContrastosIndia.jpg\" alt=\"\" width=\"304\" height=\"203\" \/>Aquesta xerrada ens ha perm\u00e8s reflexionar sobre temes com ara la pobresa i les desigualtats, i hem pogut treballar, entre tots els companys i els mestres, valors com la igualtat, la solidaritat, el respecte per la diversitat cultural o la cura del medi ambient.<\/p>\n<p>&nbsp;<\/p>\n<p style=\"text-align: justify;\"><img loading=\"lazy\" decoding=\"async\" class=\"alignleft\" src=\"https:\/\/junior-report.media\/wp-content\/uploads\/2019\/10\/AFP_1KI236_20190922122903806-kINC-U47730407333nXF-992x558@LaVanguardia-Web-1-640x360.jpg\" width=\"478\" height=\"269\" \/>I hem arribat a certes conclusions:<\/p>\n<p><span style=\"font-family: inherit; font-size: 1em; text-align: justify;\">\u2022 Fer \u00fas de molta tecnologia no fa les persones m\u00e9s felices ni m\u00e9s modernes.<\/span><\/p>\n<p style=\"text-align: justify;\">\u2022 La majoria de persones pobres del m\u00f3n s\u00f3n nenes i dones.<\/p>\n<p style=\"text-align: justify;\">\n\u2022 Qualsevol tipus de discriminaci\u00f3 (per origen, llengua, color de la pell, sexe) \u00e9s injusta. Les difer\u00e8ncies s\u00f3n positives i enriquidores.<\/p>\n<p>&nbsp;<br \/>\n&nbsp;<br \/>\n<marquee behavior=\"scroll\" direction=\"left\"><\/p>\n<p style=\"text-align: left;\"><!-- Codes by HTML.am --><\/p>\n<p><!-- CSS Code --><\/p>\n<style type=\"text\/css\" scoped>\n.GeneratedText {\nfont-family:'Comic Sans MS';font-size:2em;letter-spacing:0.2em;line-height:1.3em;color:#330099;padding:1.5em;\n}\n<\/style>\n<p><!-- HTML Code --><\/p>\n<div class=\"GeneratedText\">Us deixem unes c\u00e0psules de pensament&#8230;\n<\/div>\n<\/p>\n<p><\/marquee><\/p>\n<h2><\/h2>\n<pre><\/pre>\n<div style=\"width: 900px; height: 700px; line-height: 3em; overflow: scroll; padding: 5px; border: 6px ridge #DEBB07;\">\n<p align=\"JUSTIFY\"><span style=\"font-family: Calibri, sans-serif;\"><span style=\"font-size: medium;\">Avui ens han vingut a explicar contrastos de L&#8217;\u00cdndia un noi que \u00e9s deia Lamsi. Ell era un noi petit amb una fam\u00edlia molt pobre i va n\u00e9ixer en una casa d\u2019un senyor que \u00e9s deia Vicente Ferrer aquest noi va ser apadrinat per Vicente Ferrer. I el noi va estudiar ha una escola.<\/span><\/span><\/p>\n<p style=\"text-align: right;\" align=\"JUSTIFY\"><span style=\"font-family: Calibri, sans-serif;\"><span style=\"font-size: medium;\">Biel Hi\u00eau Guinot<\/span><\/span><\/p>\n<p align=\"JUSTIFY\"><span style=\"font-family: Calibri, sans-serif;\"><span style=\"font-size: medium;\">Aquest mat\u00ed ha vingut un noi de l&#8217;\u00cdndia que es diu Lamsi ens ha explicat moltes coses de l&#8217;\u00cdndia i de la fundaci\u00f3 Vicent Ferrer. Lamsi des de petit ha estat a la fundaci\u00f3 Vicent Ferrer. A la fundaci\u00f3 fan escoles , hospitals i mes coses i est\u00e0 molt be aquesta fundaci\u00f3. <\/span><\/span><\/p>\n<p align=\"RIGHT\"><span style=\"font-family: Calibri, sans-serif;\"><span style=\"font-size: medium;\">Aitana Jalle <\/span><\/span><\/p>\n<p align=\"JUSTIFY\"><span style=\"font-family: Calibri, sans-serif;\"><span style=\"font-size: medium;\">A Vicente Ferrer no li agradava la esclavitud de nens per que treball per menys diners 40 c\u00e8ntims i ell va construir moltes escoles per molts nens per\u00f2 quan les nenes no arribaven a l\u2019altre escola publica els pares paraven de portar-los perqu\u00e8 malgastaven molts diner i Vicente Ferrer a les nenes lis ve regalar 1 bicicleta a cada nena per que pujassin anar a l&#8217;escola publica.<\/span><\/span><\/p>\n<p align=\"RIGHT\"><span style=\"font-family: Calibri, sans-serif;\"><span style=\"font-size: medium;\">D\u00eddac Fern\u00e1ndez<\/span><\/span><\/p>\n<p align=\"JUSTIFY\"><span style=\"color: #000000;\"><span style=\"font-family: Calibri, sans-serif;\"><span style=\"font-size: medium;\">El dia 28 de gener va vindr\u00e0 un noi de l\u2019\u00cdndia que es diu Lamsi, ens a explicat el que fan a l\u2019\u00cdndia en fotos que a fet en l\u2019\u00cdndia i de que treballava el senyor Vicente Ferrer.\u00a0<\/span><\/span><\/span><span style=\"color: #000000;\"><span style=\"font-family: Calibri, sans-serif;\"><span style=\"font-size: medium;\">M&#8217;ha agradat<\/span><\/span><\/span><span style=\"color: #000000;\"><span style=\"font-family: Calibri, sans-serif;\"><span style=\"font-size: medium;\"> molt aquest taller de l\u2019<\/span><\/span><\/span><span style=\"color: #000000;\"><span style=\"font-family: Calibri, sans-serif;\"><span style=\"font-size: medium;\">\u00cd<\/span><\/span><\/span><span style=\"color: #000000;\"><span style=\"font-family: Calibri, sans-serif;\"><span style=\"font-size: medium;\">ndi<\/span><\/span><\/span><span style=\"color: #000000;\"><span style=\"font-family: Calibri, sans-serif;\"><span style=\"font-size: medium;\">a<\/span><\/span><\/span> <span style=\"color: #000000;\"><span style=\"font-family: Calibri, sans-serif;\"><span style=\"font-size: medium;\">que ens a fet Lamsi amb les fotos que a fet.<\/span><\/span><\/span><\/p>\n<p align=\"RIGHT\"><span style=\"color: #000000;\"><span style=\"font-family: Calibri, sans-serif;\"><span style=\"font-size: medium;\"> El\u00edas Ayll\u00f3n<\/span><\/span><\/span><\/p>\n<p align=\"JUSTIFY\"><span style=\"font-family: Calibri, sans-serif;\"><span style=\"font-size: medium;\">La fundaci\u00f3 Vicent Ferrer demana als que han apadrinat algun nen de la \u00cdndia. Lis demana&#8217;n 21 euros per els que ho necessiten i tamb\u00e9 l\u2019utilitzen per fer hospitals,escoles,bicis a les nenes\/nens per anara l\u2019escola, etc&#8230;N\u2019hi hi ha uns 130.000 padrins en tota espanya per ajudar a totes aquestes persones que ho necessiten.<\/span><\/span><\/p>\n<p align=\"RIGHT\"><span style=\"font-family: Calibri, sans-serif;\"><span style=\"font-size: medium;\">Emma<\/span><\/span><\/p>\n<p align=\"JUSTIFY\"><span style=\"font-family: Calibri, sans-serif;\"><span style=\"font-size: medium;\">El dia 28 de gener va venir un noi que es deia Lamsi i va n\u00e9ixer a l\u2019\u00cdndia. Va ser apadrinat per la fundaci\u00f3 Vicente Ferrer, aquesta fundaci\u00f3 s\u2019encarrega d\u2019ajudar als nens i nenes de l\u2019\u00cdndia. El que m\u00e9s em va sorprendre del que explicar el Lamsi va ser que les noies no van a l\u2019escola i els nois si que hi van. <\/span><\/span><\/p>\n<p align=\"RIGHT\"><span style=\"font-family: Calibri, sans-serif;\"><span style=\"font-size: medium;\">Ivan Garc\u00eda<\/span><\/span><\/p>\n<p align=\"JUSTIFY\"><span style=\"color: #000000;\"><span style=\"font-family: Calibri, sans-serif;\"><span style=\"font-size: medium;\">A mi el que m\u00e9s em va sorprendre \u00e9s que les nenes es cas<\/span><\/span><\/span><span style=\"color: #000000;\"><span style=\"font-family: Calibri, sans-serif;\"><span style=\"font-size: medium;\">e<\/span><\/span><\/span><span style=\"color: #000000;\"><span style=\"font-family: Calibri, sans-serif;\"><span style=\"font-size: medium;\">n aproximadament als 10 anys. I els nens van a la escola i les nenes no, elles es qued<\/span><\/span><\/span><span style=\"color: #000000;\"><span style=\"font-family: Calibri, sans-serif;\"><span style=\"font-size: medium;\">en<\/span><\/span><\/span><span style=\"color: #000000;\"><span style=\"font-family: Calibri, sans-serif;\"><span style=\"font-size: medium;\"> a casa cuidant als seus germans petits. <\/span><\/span><\/span><span style=\"color: #000000;\"><span style=\"font-family: Calibri, sans-serif;\"><span style=\"font-size: medium;\">Les dones per treballar les mateixes hores que els homes i <\/span><\/span><\/span><span style=\"color: #000000;\"><span style=\"font-family: Calibri, sans-serif;\"><span style=\"font-size: medium;\">els<\/span><\/span><\/span><span style=\"color: #000000;\"><span style=\"font-family: Calibri, sans-serif;\"><span style=\"font-size: medium;\"> pag<\/span><\/span><\/span><span style=\"color: #000000;\"><span style=\"font-family: Calibri, sans-serif;\"><span style=\"font-size: medium;\">ue<\/span><\/span><\/span><span style=\"color: #000000;\"><span style=\"font-family: Calibri, sans-serif;\"><span style=\"font-size: medium;\">n la meitat. Als homes <\/span><\/span><\/span><span style=\"color: #000000;\"><span style=\"font-family: Calibri, sans-serif;\"><span style=\"font-size: medium;\">els<\/span><\/span><\/span><span style=\"color: #000000;\"><span style=\"font-family: Calibri, sans-serif;\"><span style=\"font-size: medium;\"> pag<\/span><\/span><\/span><span style=\"color: #000000;\"><span style=\"font-family: Calibri, sans-serif;\"><span style=\"font-size: medium;\">ue<\/span><\/span><\/span><span style=\"color: #000000;\"><span style=\"font-family: Calibri, sans-serif;\"><span style=\"font-size: medium;\">n 1 euro i a les dones 50 <\/span><\/span><\/span><span style=\"color: #000000;\"><span style=\"font-family: Calibri, sans-serif;\"><span style=\"font-size: medium;\">c\u00e8ntims.<\/span><\/span><\/span><\/p>\n<p align=\"RIGHT\"><span style=\"color: #000000;\"><span style=\"font-family: Calibri, sans-serif;\"><span style=\"font-size: medium;\">Jana Pastor<\/span><\/span><\/span><\/p>\n<p align=\"JUSTIFY\"><span style=\"color: #000000;\"><span style=\"font-family: Calibri, sans-serif;\"><span style=\"font-size: medium;\">Lamsi va n\u00e9ixer a la \u00cdndia i ell no tenia molt menjar aigua. Un oma que es deia que Vicente Ferrer per el seu treball va anar a la \u00cdndia i va con\u00e8ixer a Lamsi i ell el va apadrinar. Lamsi va ser el primer apadrinat Vicente Ferrer va crear una web que era per apadrinar a els nens i cada mes li donaven 21 euros aix\u00ed li ajudaven a la seva fam\u00edlia. Lamsi ara que te una vida normal fa el mateix que Vicente Ferrer.<\/span><\/span><\/span><\/p>\n<p align=\"RIGHT\"><span style=\"color: #000000;\"><span style=\"font-family: Calibri, sans-serif;\"><span style=\"font-size: medium;\">Marc<\/span><\/span><\/span><\/p>\n<p align=\"JUSTIFY\"><span style=\"font-family: Calibri, sans-serif;\"><span style=\"font-size: medium;\">El Lamsi ens a vingut a explicar la vida a la \u00cdndia de la fundaci\u00f3 Vicente Ferrer. El Lamsi va ser el primer nen apadrinat cada mes li donen a la fam\u00edlia 21 euros abans de que els nen tingui 18 anys. <span style=\"color: #000000;\">Amb 21 euros es pot fer un hospital, <\/span><span style=\"color: #000000;\">una casa, una escola, una paradeta per que els paren <\/span><span style=\"color: #000000;\">treballin i moltes m\u00e9s coses<\/span><span style=\"color: #000000;\">.<\/span><\/span><\/span><\/p>\n<p align=\"RIGHT\"><span style=\"color: #000000;\"><span style=\"font-family: Calibri, sans-serif;\"><span style=\"font-size: medium;\">Pau <\/span><\/span><\/span><\/p>\n<p align=\"JUSTIFY\"><span style=\"font-family: Calibri, sans-serif;\"><span style=\"font-size: medium;\">Un home que des de \u00cdndia a vingut asta aqu\u00ed per explicar coses sobre aquest pa\u00eds i me he donat conte de que hi ha gent que ho passa molt malament. Les diferencies de paga son que als homes li donen 1 euro, a les dones 50 c\u00e8ntims i als nens entre 30 i 40 c\u00e8ntims les nenes s&#8217;han de casar entre els 10 i 11 anys i Vicente Ferrer va crear 1550 escoles, hospitals i centres. El pare gastava els diners en el nen perqu\u00e8 anaven a l\u2019escola i les nenes no anaven tantes com els nens.<\/span><\/span><\/p>\n<p align=\"RIGHT\"><span style=\"font-family: Calibri, sans-serif;\"><span style=\"font-size: medium;\">Pol S\u00e1nchez<\/span><\/span><\/p>\n<p style=\"text-align: left;\" align=\"RIGHT\">Us deixem el resum de la xarrada:<\/p>\n<p><iframe loading=\"lazy\" src=\"https:\/\/onedrive.live.com\/embed?cid=1F4A218053296A69&amp;resid=1F4A218053296A69%21111&amp;authkey=ALs0Khs4fShidP0&amp;em=2&amp;wdAr=1.3333333333333333\" width=\"350px\" height=\"286px\" frameborder=\"0\">Aquest \u00e9s un document de <a target=\"_blank\" href=\"https:\/\/office.com\" rel=\"noopener noreferrer\">Microsoft Office<\/a> incrustat, amb tecnologia de <a target=\"_blank\" href=\"https:\/\/office.com\/webapps\" rel=\"noopener noreferrer\">Office<\/a>.<\/iframe><\/p>\n<p style=\"text-align: left;\" align=\"RIGHT\">Si voleu saber m\u00e9s, aqu\u00ed teniu un molt bo reportatge:<\/p>\n<p>https:\/\/junior-report.media\/lindia-un-pais-de-contrastos\/<\/p>\n<\/div>\n<p>&nbsp;<\/p>\n","protected":false},"excerpt":{"rendered":"<p>L&#8217;\u00cdndia \u00e9s un pa\u00eds divers i ca\u00f2tic, amb una societat empobrida malgrat el r\u00e0pid creixement econ\u00f2mic dels \u00faltims anys<br \/>\nL&#8217;\u00cdndia \u00e9s un pa\u00eds de contrastos, per exemple, \u00e9s un pa\u00eds ric que desenvolupa alta tecnologia per a ordinadors i m\u00f2bils, i alhora \u00e9s un pa\u00eds pobre&hellip;  <a href=\"https:\/\/agora.xtec.cat\/escolacollserolacerdanyola\/de-1r-a-6e\/5e\/5e-xerrada-contrastos-de-lindia\/\" title=\"Read 5\u00e8 Xerrada: Contrastos de l&#8217;\u00cdndia\">Llegeix m\u00e9s\u00bb<\/a><\/p>\n","protected":false},"author":9,"featured_media":23140,"comment_status":"open","ping_status":"closed","sticky":false,"template":"","format":"standard","meta":{"_bbp_topic_count":0,"_bbp_reply_count":0,"_bbp_total_topic_count":0,"_bbp_total_reply_count":0,"_bbp_voice_count":0,"_bbp_anonymous_reply_count":0,"_bbp_topic_count_hidden":0,"_bbp_reply_count_hidden":0,"_bbp_forum_subforum_count":0,"footnotes":""},"categories":[14,86],"tags":[],"class_list":["post-23113","post","type-post","status-publish","format-standard","has-post-thumbnail","hentry","category-5e","category-grans"],"post_mailing_queue_ids":[],"_links":{"self":[{"href":"https:\/\/agora.xtec.cat\/escolacollserolacerdanyola\/wp-json\/wp\/v2\/posts\/23113","targetHints":{"allow":["GET"]}}],"collection":[{"href":"https:\/\/agora.xtec.cat\/escolacollserolacerdanyola\/wp-json\/wp\/v2\/posts"}],"about":[{"href":"https:\/\/agora.xtec.cat\/escolacollserolacerdanyola\/wp-json\/wp\/v2\/types\/post"}],"author":[{"embeddable":true,"href":"https:\/\/agora.xtec.cat\/escolacollserolacerdanyola\/wp-json\/wp\/v2\/users\/9"}],"replies":[{"embeddable":true,"href":"https:\/\/agora.xtec.cat\/escolacollserolacerdanyola\/wp-json\/wp\/v2\/comments?post=23113"}],"version-history":[{"count":3,"href":"https:\/\/agora.xtec.cat\/escolacollserolacerdanyola\/wp-json\/wp\/v2\/posts\/23113\/revisions"}],"predecessor-version":[{"id":23139,"href":"https:\/\/agora.xtec.cat\/escolacollserolacerdanyola\/wp-json\/wp\/v2\/posts\/23113\/revisions\/23139"}],"wp:featuredmedia":[{"embeddable":true,"href":"https:\/\/agora.xtec.cat\/escolacollserolacerdanyola\/wp-json\/wp\/v2\/media\/23140"}],"wp:attachment":[{"href":"https:\/\/agora.xtec.cat\/escolacollserolacerdanyola\/wp-json\/wp\/v2\/media?parent=23113"}],"wp:term":[{"taxonomy":"category","embeddable":true,"href":"https:\/\/agora.xtec.cat\/escolacollserolacerdanyola\/wp-json\/wp\/v2\/categories?post=23113"},{"taxonomy":"post_tag","embeddable":true,"href":"https:\/\/agora.xtec.cat\/escolacollserolacerdanyola\/wp-json\/wp\/v2\/tags?post=23113"}],"curies":[{"name":"wp","href":"https:\/\/api.w.org\/{rel}","templated":true}]}}