{"id":23006,"date":"2020-12-22T12:03:01","date_gmt":"2020-12-22T11:03:01","guid":{"rendered":"http:\/\/agora.xtec.cat\/escolacollserolacerdanyola\/?p=23006"},"modified":"2020-12-22T12:08:18","modified_gmt":"2020-12-22T11:08:18","slug":"concert-dhivern-2020","status":"publish","type":"post","link":"https:\/\/agora.xtec.cat\/escolacollserolacerdanyola\/de-1r-a-6e\/5e\/concert-dhivern-2020\/","title":{"rendered":"Concert d\u2019hivern 2020"},"content":{"rendered":"<p>Cicle Superior de l\u2019Escola Collserola<br \/>\nCerdanyola del Vall\u00e8s<\/p>\n<p>La il\u00b7lusi\u00f3 del Nadal ha estat present a l\u2019escola tamb\u00e9 aquest any de pand\u00e8mia.<\/p>\n<p style=\"text-align: justify;\">Hem celebrat les tradicionals activitats de Nadal d\u2019una forma diferent, garantint la seguretat amb l\u2019objectiu que el nostre alumnat gaudeixi. Al llarg de la hist\u00f2ria s&#8217;ha cantat de moltes maneres: sota la pluja, amb joia, amb tristesa&#8230; Doncs, una pand\u00e8mia no ens negar\u00e0 pas el plaer de les notes compartides.<\/p>\n<p style=\"text-align: justify;\">Hem estat treballant la can\u00e7\u00f3 de Nadal de cada grup estable del cicle superior per a poder fer un enregistrament en v\u00eddeo durant la setmana del 14 al 18 de desembre. Com ja sabeu, aquest any no pod\u00edem organitzar el concert de Nadal amb l\u2019assist\u00e8ncia de les fam\u00edlies, per\u00f2 l\u2019alumnat ha estat fent aquesta activitat musical igualment i, totes les mares, pares, \u00e0vies, avis, oncles i tietes podran veure cantar els nois i noies una vegada h\u00e0gim editat el v\u00eddeo. Des de principi de curs hem estat aprenent a cantar amb mascareta, a projectar la veu el m\u00e0xim possible sense cridar i a vocalitzar per poder entendre les lletres de les can\u00e7ons.<\/p>\n<p style=\"text-align: justify;\">Tot redactant aquest article, hem pensat en tots aquests dies previs, en la recerca de can\u00e7ons, en la votaci\u00f3 de la can\u00e7\u00f3 que consider\u00e0vem adient (hem participat tots, alumnes i mestres), en les dificultats per poder realitzar els assajos. Cantem amb mascareta o sense? I per tant, a l\u2019exterior i separats o al gimn\u00e0s i&#8230;SEPARATS!? Pens\u00e0vem que era una dif\u00edcil elecci\u00f3 i vam anar fent petites proves. Per\u00f2 acabar el trimestre \u00e9s dif\u00edcil&#8230; sempre. Passava el temps i an\u00e0vem assajant (poc). Va arribar la setmana definitiva, el moment clau&#8230; el moment de fer la gravaci\u00f3, el moment de cantar. On? Doncs aqu\u00ed i all\u00e0, per\u00f2 els mitjans no s\u00f3n del tot correctes, la sonoritat dels espais no ajuda&#8230; Tot semblava en contra nostre i llavors&#8230; va arribar la PLUJA (amb maj\u00fascules, de veritat, tropical&#8230;) i ja no vam tenir problemes&#8230; per prendre decisions. Ten\u00edem l\u2019exterior prohibit per la natura. I tornem als espais interiors i la seva ac\u00fastica.<\/p>\n<p style=\"text-align: justify;\">Hem tingut la nostra petita Odissea amb un final amb resultat de v\u00eddeos de producci\u00f3 casolana per\u00f2 plena de alegria i bons desitjos. Tothom ha preparat les can\u00e7ons amb il\u00b7lusi\u00f3 i dedicaci\u00f3 en les sessions de m\u00fasica, i hem tingut la oportunitat de treballar valors i aprendre compet\u00e8ncies posant \u00e8mfasi especial en el treball en grup. Junts descobrim que tots i cadasc\u00fa dels qui canten enriqueixen el conjunt. La m\u00fasica ens fa cr\u00e9ixer!<\/p>\n<p>Felicitem a tots els nostres alumnes per la seva const\u00e0ncia en el treball sense perdre el somriure. L\u2019alegria i la il\u00b7lusi\u00f3 no s\u2019aturen mai.<\/p>\n<p>Ah! Per cert&#8230; somieu per\u00f2&#8230; no us quedeu adormits! Feli\u00e7 Any Nou 2021!<\/p>\n<p style=\"text-align: center;\"><strong>\u00a0 \u00a0 5\u00e8 angl\u00e8s<\/strong>: <em>Christmas Is Coming\u00a0<\/em><\/p>\n<p style=\"text-align: center;\"><iframe loading=\"lazy\" src=\"\/\/www.youtube.com\/embed\/1FpBt3l7qZ0\" width=\"560\" height=\"314\"><\/iframe><\/p>\n<p style=\"text-align: center;\"><strong>5\u00e8 catal\u00e0<\/strong>: <em>Que passar\u00e0 a la nit de Nadal?<\/em><\/p>\n<p style=\"text-align: center;\"><iframe loading=\"lazy\" src=\"\/\/www.youtube.com\/embed\/-jTYGw7pTCM\" width=\"560\" height=\"314\"><\/iframe><\/p>\n<p style=\"text-align: center;\"><strong>\u00a06\u00e8 angl\u00e8s<\/strong>: <em>Last Christmas<\/em><\/p>\n<p style=\"text-align: center;\"><iframe loading=\"lazy\" src=\"\/\/www.youtube.com\/embed\/K3wgpzV1Pdo\" width=\"560\" height=\"314\"><\/iframe><\/p>\n<p style=\"text-align: center;\"><strong>6\u00e8 catal\u00e0<\/strong>: <em>\u00c9s Nadal<\/em><\/p>\n<p style=\"text-align: center;\"><iframe loading=\"lazy\" src=\"\/\/www.youtube.com\/embed\/8aZZaiwlxrs\" width=\"560\" height=\"314\"><\/iframe><\/p>\n","protected":false},"excerpt":{"rendered":"<p>Cicle Superior de l\u2019Escola Collserola<br \/>\nCerdanyola del Vall\u00e8s<br \/>\nLa il\u00b7lusi\u00f3 del Nadal ha estat present a l\u2019escola tamb\u00e9 aquest any de pand\u00e8mia.<br \/>\nHem celebrat les tradicionals activitats de Nadal d\u2019una forma diferent, garantint la seguretat amb l\u2019objectiu que el nostre alumnat gaudeixi. Al llarg de la hist\u00f2ria s&#8217;ha&hellip;  <a href=\"https:\/\/agora.xtec.cat\/escolacollserolacerdanyola\/de-1r-a-6e\/5e\/concert-dhivern-2020\/\" title=\"Read Concert d\u2019hivern 2020\">Llegeix m\u00e9s\u00bb<\/a><\/p>\n","protected":false},"author":9,"featured_media":23007,"comment_status":"open","ping_status":"closed","sticky":false,"template":"","format":"standard","meta":{"_bbp_topic_count":0,"_bbp_reply_count":0,"_bbp_total_topic_count":0,"_bbp_total_reply_count":0,"_bbp_voice_count":0,"_bbp_anonymous_reply_count":0,"_bbp_topic_count_hidden":0,"_bbp_reply_count_hidden":0,"_bbp_forum_subforum_count":0,"footnotes":""},"categories":[14,15,91,86,90,113,114],"tags":[],"class_list":["post-23006","post","type-post","status-publish","format-standard","has-post-thumbnail","hentry","category-5e","category-6e","category-concerts","category-grans","category-nadal","category-primary-5th","category-primary-6th"],"post_mailing_queue_ids":[],"_links":{"self":[{"href":"https:\/\/agora.xtec.cat\/escolacollserolacerdanyola\/wp-json\/wp\/v2\/posts\/23006","targetHints":{"allow":["GET"]}}],"collection":[{"href":"https:\/\/agora.xtec.cat\/escolacollserolacerdanyola\/wp-json\/wp\/v2\/posts"}],"about":[{"href":"https:\/\/agora.xtec.cat\/escolacollserolacerdanyola\/wp-json\/wp\/v2\/types\/post"}],"author":[{"embeddable":true,"href":"https:\/\/agora.xtec.cat\/escolacollserolacerdanyola\/wp-json\/wp\/v2\/users\/9"}],"replies":[{"embeddable":true,"href":"https:\/\/agora.xtec.cat\/escolacollserolacerdanyola\/wp-json\/wp\/v2\/comments?post=23006"}],"version-history":[{"count":3,"href":"https:\/\/agora.xtec.cat\/escolacollserolacerdanyola\/wp-json\/wp\/v2\/posts\/23006\/revisions"}],"predecessor-version":[{"id":23010,"href":"https:\/\/agora.xtec.cat\/escolacollserolacerdanyola\/wp-json\/wp\/v2\/posts\/23006\/revisions\/23010"}],"wp:featuredmedia":[{"embeddable":true,"href":"https:\/\/agora.xtec.cat\/escolacollserolacerdanyola\/wp-json\/wp\/v2\/media\/23007"}],"wp:attachment":[{"href":"https:\/\/agora.xtec.cat\/escolacollserolacerdanyola\/wp-json\/wp\/v2\/media?parent=23006"}],"wp:term":[{"taxonomy":"category","embeddable":true,"href":"https:\/\/agora.xtec.cat\/escolacollserolacerdanyola\/wp-json\/wp\/v2\/categories?post=23006"},{"taxonomy":"post_tag","embeddable":true,"href":"https:\/\/agora.xtec.cat\/escolacollserolacerdanyola\/wp-json\/wp\/v2\/tags?post=23006"}],"curies":[{"name":"wp","href":"https:\/\/api.w.org\/{rel}","templated":true}]}}