{"id":22945,"date":"2020-12-20T18:27:24","date_gmt":"2020-12-20T17:27:24","guid":{"rendered":"http:\/\/agora.xtec.cat\/escolacollserolacerdanyola\/?p=22945"},"modified":"2020-12-20T18:27:24","modified_gmt":"2020-12-20T17:27:24","slug":"nadal-2020","status":"publish","type":"post","link":"https:\/\/agora.xtec.cat\/escolacollserolacerdanyola\/de-1r-a-6e\/2n\/nadal-2020\/","title":{"rendered":"NADAL 2020"},"content":{"rendered":"<p>Estem acabant el 1n trimestre i a l&#8217;escola aprofitem per fer moltes activitats relacionades amb el <strong>Nadal<\/strong> \ud83c\udf84\ud83c\udf84i l&#8217;<strong>hivern<\/strong>\u2744\u2603<\/p>\n<p>Aquest any moltes d&#8217;aquestes activitats les hem hagut d&#8217;adaptar a la situaci\u00f3 actual, per\u00f2 sense deixar de banda l&#8217;alegria i les ganes de celebrar el Nadal.<\/p>\n<p>Els follets de l&#8217;advent , aquest any ens han fet un calendari d&#8217;advent molt guay. Cada dia ens explicaven un conte diferent. Algun dia teniem tamb\u00e9 alguna carta del ti\u00f3 que com \u00e9s tradici\u00f3 a cicle inicial, ens ha vingut a visitar i\u00a0 l&#8217;hem fet cagar. Els nens i nenes de cicle inicial vam anar a buscar-lo a f\u00f3ra de l&#8217;escola ja que s&#8217;havia deixat la mascareta i no va poder entrar al mat\u00ed. Tamb\u00e9 hem escrit la carta als reis, per\u00f2 aquest any el patge no ens ha pogut visitar i ens ha deixat una b\u00fastia m\u00e0gica \ud83d\udcebque envia les cartes directament de l&#8217;escola a Orient\ud83d\udc51!<\/p>\n<p>Hem fet un arbre de Nadal entre tots amb tubs de paper de water, hem escrit els nostres desitjos per al 2021,hem fet la postal de Nadal i la portada de l&#8217;\u00e0lbum, hem cantat les can\u00e7ons que hem apr\u00e8s vestits ben guapos i guapes, hem fet un esmorzar nadalenc&#8230;<\/p>\n<p>Sens dubte un dels dies m\u00e9s especials i curiosos va ser divendres 18&#8230;. va estar plovent mooooolt\u2614\u2614\u2614 tot el dia, per\u00f2 tot i aix\u00ed va ser un dia molt divertit: al mat\u00ed vam fer una gimcana de jocs de taula amb jocs molt xulos i divertits (shut de box, crazy clack, rush hour, iq, jocs de l&#8217;oca gegants i construccions magn\u00e8tiques), despr\u00e9s del pati vam fer cagar el ti\u00f3 a les fosques!! jajaja\u00a0 i a la tarda vam veure una pel\u00b7licula molt divertida!!<\/p>\n<p>Ha estat un final de trimestre molt diferent per\u00f2 com sempre especial i divertit!!<\/p>\n<p>Aqu\u00ed teniu un recull de fotos de tot el que hem fet. Esperem que us agradin!!! Bones vacances!!<\/p>\n<p><a href=\"https:\/\/photos.app.goo.gl\/HSs4vvC2SF5td2xM6\">NADAL 2020. 2n<\/a><\/p>\n","protected":false},"excerpt":{"rendered":"<p>Estem acabant el 1n trimestre i a l&#8217;escola aprofitem per fer moltes activitats relacionades amb el Nadal \ud83c\udf84\ud83c\udf84i l&#8217;hivern\u2744\u2603<br \/>\nAquest any moltes d&#8217;aquestes activitats les hem hagut d&#8217;adaptar a la situaci\u00f3 actual, per\u00f2 sense deixar de banda l&#8217;alegria i les ganes de celebrar el Nadal.<br \/>\nEls follets&hellip;  <a href=\"https:\/\/agora.xtec.cat\/escolacollserolacerdanyola\/de-1r-a-6e\/2n\/nadal-2020\/\" title=\"Read NADAL 2020\">Llegeix m\u00e9s\u00bb<\/a><\/p>\n","protected":false},"author":7,"featured_media":22946,"comment_status":"open","ping_status":"closed","sticky":false,"template":"","format":"standard","meta":{"_bbp_topic_count":0,"_bbp_reply_count":0,"_bbp_total_topic_count":0,"_bbp_total_reply_count":0,"_bbp_voice_count":0,"_bbp_anonymous_reply_count":0,"_bbp_topic_count_hidden":0,"_bbp_reply_count_hidden":0,"_bbp_forum_subforum_count":0,"footnotes":""},"categories":[11,90],"tags":[],"class_list":["post-22945","post","type-post","status-publish","format-standard","has-post-thumbnail","hentry","category-2n","category-nadal"],"post_mailing_queue_ids":[],"_links":{"self":[{"href":"https:\/\/agora.xtec.cat\/escolacollserolacerdanyola\/wp-json\/wp\/v2\/posts\/22945","targetHints":{"allow":["GET"]}}],"collection":[{"href":"https:\/\/agora.xtec.cat\/escolacollserolacerdanyola\/wp-json\/wp\/v2\/posts"}],"about":[{"href":"https:\/\/agora.xtec.cat\/escolacollserolacerdanyola\/wp-json\/wp\/v2\/types\/post"}],"author":[{"embeddable":true,"href":"https:\/\/agora.xtec.cat\/escolacollserolacerdanyola\/wp-json\/wp\/v2\/users\/7"}],"replies":[{"embeddable":true,"href":"https:\/\/agora.xtec.cat\/escolacollserolacerdanyola\/wp-json\/wp\/v2\/comments?post=22945"}],"version-history":[{"count":1,"href":"https:\/\/agora.xtec.cat\/escolacollserolacerdanyola\/wp-json\/wp\/v2\/posts\/22945\/revisions"}],"predecessor-version":[{"id":22947,"href":"https:\/\/agora.xtec.cat\/escolacollserolacerdanyola\/wp-json\/wp\/v2\/posts\/22945\/revisions\/22947"}],"wp:featuredmedia":[{"embeddable":true,"href":"https:\/\/agora.xtec.cat\/escolacollserolacerdanyola\/wp-json\/wp\/v2\/media\/22946"}],"wp:attachment":[{"href":"https:\/\/agora.xtec.cat\/escolacollserolacerdanyola\/wp-json\/wp\/v2\/media?parent=22945"}],"wp:term":[{"taxonomy":"category","embeddable":true,"href":"https:\/\/agora.xtec.cat\/escolacollserolacerdanyola\/wp-json\/wp\/v2\/categories?post=22945"},{"taxonomy":"post_tag","embeddable":true,"href":"https:\/\/agora.xtec.cat\/escolacollserolacerdanyola\/wp-json\/wp\/v2\/tags?post=22945"}],"curies":[{"name":"wp","href":"https:\/\/api.w.org\/{rel}","templated":true}]}}